{"id":274851,"date":"2022-07-30T11:27:38","date_gmt":"2022-07-30T09:27:38","guid":{"rendered":"https:\/\/zjarr.tv\/?p=274851"},"modified":"2022-07-30T11:27:38","modified_gmt":"2022-07-30T09:27:38","slug":"sekuestrimi-i-pasurive-te-anton-gjinajt-pd-thirrje-spak-te-hetoje-lidhjet-e-tij-me-ps-i-preferuari-i-pushtetit-te-rames-ka-marre-miliona-euro-me-tendera","status":"publish","type":"post","link":"https:\/\/zjarr.tv\/en\/sekuestrimi-i-pasurive-te-anton-gjinajt-pd-thirrje-spak-te-hetoje-lidhjet-e-tij-me-ps-i-preferuari-i-pushtetit-te-rames-ka-marre-miliona-euro-me-tendera\/","title":{"rendered":"Sekuestrimi i pasurive t\u00eb Anton Gjinajt\/ PD thirrje SPAK t\u00eb hetoj\u00eb lidhjet e tij me PS: I preferuari i pushtetit t\u00eb Ram\u00ebs! Ka marr\u00eb miliona euro me tendera"},"content":{"rendered":"<p>Sekretarja p\u00ebr Transparenc\u00ebn, Luft\u00ebn kund\u00ebr Korrupsionit n\u00eb PD, Ledina Mandia ka deklaruar dit\u00ebn e sotme nga selia blu se Anton Gjinaj, biznesmenit t\u00eb cilit iu sekuestruan pasurit\u00eb pak dit\u00eb m\u00eb par\u00eb me urdh\u00ebr t\u00eb SPAK \u00ebsht\u00eb i af\u00ebrt me socialist\u00ebt. Sipas saj kompania n\u00eb pron\u00ebsi t\u00eb Gjinajt, ka marr\u00eb miliona euro n\u00eb tendera dhe kontrata. Ajo i b\u00ebri thirrje SPAK t\u00eb vendos\u00eb n\u00eb fokus t\u00eb hetimit edhe kontratat e Anton Gjinajt si dhe aksesin n\u00eb zyrat e shtetit.<\/p>\n<p><strong>Deklarata e plot\u00eb<\/strong><\/p>\n<p>SPAK ka sekuestruar pasurit\u00eb e shtetasit Anton Gjinaj, me dyshimin se vjen nga aktivitete kriminale\u00a0 n\u00eb Shqip\u00ebri dhe Spanj\u00eb. Anton Gjinaj \u00ebsht\u00eb vet\u00ebm nj\u00ebri prej emrave t\u00eb p\u00ebrdorur nga i akuzuari: Kjo, n\u00eb rrath\u00ebt koncentrik\u00eb t\u00eb s\u00eb keqes, ku i b\u00ebn pun\u00ebt qeveria e Edi Ram\u00ebs, nuk b\u00ebn p\u00ebrshtypje. I njohuri si Anton Gjinaj, Pashuk Gjini apo Pashk Rrapi, nuk \u00ebsht\u00eb nj\u00eb i dyshuar p\u00ebr narkotrafik dosido. Ai, si shum\u00eb t\u00eb dyshuar apo t\u00eb provuar t\u00eb tjer\u00eb, \u00ebsht\u00eb \u2018djal\u00eb p\u00ebr shpirt\u2019 i pushtetit dhe bashkive socialiste t\u00eb Edi Ram\u00ebs.<\/p>\n<p>Nga nj\u00eb hulumtim i zyr\u00ebs s\u00eb anti-korrupsionit t\u00eb Partis\u00eb Demokratike, na rezulton se firma e k\u00ebtij individi, \u201cAlessio 2014\u201d ka marr\u00eb miliona euro n\u00eb tendera dhe kontrata. Ai \u00ebsht\u00eb sidomos i parap\u00eblqyeri i bashkive socialiste, t\u00eb njohura si gjenerator\u00eb aferash t\u00eb dyshimta, dhe t\u00eb provuara n\u00eb vjedhje seriale. Bashkia Tiran\u00eb, bashkia Kruj\u00eb, Bashkia Durr\u00ebs dhe bashkia Lezh\u00eb, n\u00eb 13 raste i kan\u00eb ofruar pun\u00eb publike \u201cAlessio 2014\u201d dhe pronarit t\u00eb saj Gjinaj, i dyshuar gjer\u00ebsisht, edhe para urdhrit t\u00eb SPAK, p\u00ebr p\u00ebfshirje n\u00eb aktivitete t\u00eb paligjshme.<\/p>\n<p>Q\u00eb nga nd\u00ebrtimi i varrezave, asfaltimi i rrug\u00ebve, shembja e sht\u00ebpive t\u00eb t\u00ebrmetit, nd\u00ebrtimi i qendrave komunitare, e me radh\u00eb, firma e Antonit me tre emra ka qen\u00eb e zgjedhura e t\u00eb ngjashm\u00ebve t\u00eb tij n\u00eb krye t\u00eb bashkive t\u00eb PS. Partia Demokratike, duke p\u00ebrsh\u00ebndetur SPAK p\u00ebr sekuestron, i b\u00ebn thirrje t\u00eb fus\u00eb n\u00eb fokus t\u00eb hetimit edhe tenderat dhe kontratat e Anton Gjinajt. Hetimi i aktivitetit t\u00eb paligjsh\u00ebm t\u00eb narkotrafikut \u00ebsht\u00eb vet\u00ebm nj\u00ebra an\u00eb e historis\u00eb s\u00eb k\u00ebtij individi. Aksesi n\u00eb zyrat e shtetit, miliona euro t\u00eb l\u00ebvruara n\u00eb favor t\u00eb firm\u00ebs s\u00eb tij, duhet t\u00eb ngren\u00eb, gjithashtu, dyshime dhe padi. Me k\u00ebt\u00eb martes\u00eb t\u00eb padenj\u00eb t\u00eb shtetit dhe krimit, Shqip\u00ebria \u00ebsht\u00eb n\u00eb rrezik.<\/p>\n<p>Burimi: Pjes\u00eb nga fjala e Ledina Matias n\u00eb foltoren e PD-s\u00eb.<\/p>","protected":false},"excerpt":{"rendered":"<p>Sekretarja p\u00ebr Transparenc\u00ebn, Luft\u00ebn kund\u00ebr Korrupsionit n\u00eb PD, Ledina Mandia ka deklaruar dit\u00ebn e sotme nga selia blu se Anton Gjinaj, biznesmenit t\u00eb cilit iu sekuestruan pasurit\u00eb pak dit\u00eb m\u00eb par\u00eb me urdh\u00ebr t\u00eb SPAK \u00ebsht\u00eb i af\u00ebrt me socialist\u00ebt. Sipas saj kompania n\u00eb pron\u00ebsi t\u00eb Gjinajt, ka marr\u00eb miliona euro n\u00eb tendera dhe kontrata. [&hellip;]<\/p>\n","protected":false},"author":2037,"featured_media":274661,"comment_status":"closed","ping_status":"closed","sticky":false,"template":"","format":"standard","meta":{"footnotes":""},"categories":[241,364,231],"tags":[],"class_list":{"0":"post-274851","1":"post","2":"type-post","3":"status-publish","4":"format-standard","5":"has-post-thumbnail","7":"category-aktualitet","8":"category-koment-opinion","9":"category-lajme"},"_links":{"self":[{"href":"https:\/\/zjarr.tv\/en\/wp-json\/wp\/v2\/posts\/274851","targetHints":{"allow":["GET"]}}],"collection":[{"href":"https:\/\/zjarr.tv\/en\/wp-json\/wp\/v2\/posts"}],"about":[{"href":"https:\/\/zjarr.tv\/en\/wp-json\/wp\/v2\/types\/post"}],"author":[{"embeddable":true,"href":"https:\/\/zjarr.tv\/en\/wp-json\/wp\/v2\/users\/2037"}],"replies":[{"embeddable":true,"href":"https:\/\/zjarr.tv\/en\/wp-json\/wp\/v2\/comments?post=274851"}],"version-history":[{"count":0,"href":"https:\/\/zjarr.tv\/en\/wp-json\/wp\/v2\/posts\/274851\/revisions"}],"wp:featuredmedia":[{"embeddable":true,"href":"https:\/\/zjarr.tv\/en\/wp-json\/wp\/v2\/media\/274661"}],"wp:attachment":[{"href":"https:\/\/zjarr.tv\/en\/wp-json\/wp\/v2\/media?parent=274851"}],"wp:term":[{"taxonomy":"category","embeddable":true,"href":"https:\/\/zjarr.tv\/en\/wp-json\/wp\/v2\/categories?post=274851"},{"taxonomy":"post_tag","embeddable":true,"href":"https:\/\/zjarr.tv\/en\/wp-json\/wp\/v2\/tags?post=274851"}],"curies":[{"name":"wp","href":"https:\/\/api.w.org\/{rel}","templated":true}]}}