{"id":274855,"date":"2022-07-30T11:36:29","date_gmt":"2022-07-30T09:36:29","guid":{"rendered":"https:\/\/zjarr.tv\/?p=274855"},"modified":"2022-07-30T11:36:29","modified_gmt":"2022-07-30T09:36:29","slug":"kryeprokurori-cela-krimi-kibernetik-kerkon-urgjentisht-rritje-te-kapaciteteve-njerezore-dhe-teknike-ripercaktim-te-strategjise-te-luftes-ndaj-krimit","status":"publish","type":"post","link":"https:\/\/zjarr.tv\/en\/kryeprokurori-cela-krimi-kibernetik-kerkon-urgjentisht-rritje-te-kapaciteteve-njerezore-dhe-teknike-ripercaktim-te-strategjise-te-luftes-ndaj-krimit\/","title":{"rendered":"Kryeprokurori \u00c7ela: Krimi kibernetik k\u00ebrkon urgjentisht rritje t\u00eb kapaciteteve njer\u00ebzore dhe teknike. Rip\u00ebrcaktim t\u00eb strategjis\u00eb t\u00eb luft\u00ebs ndaj krimit"},"content":{"rendered":"<p>Prokuroria e P\u00ebrgjithshme dhe Shoqata Ibero-Amerikane e Prokuror\u00ebve Publik\u00eb (AIAMP) n\u00ebnshkruan nj\u00eb memorandum mir\u00ebkuptimi, ku shpreh\u00ebn gatishm\u00ebrin\u00eb p\u00ebr bashk\u00ebpunimin n\u00eb luft\u00ebn kund\u00ebr trafiqeve t\u00eb paligjshme, pastrimit t\u00eb parave dhe \u00e7do krim tjet\u00ebr me interes t\u00eb p\u00ebrbashk\u00ebt si dhe p\u00ebr p\u00ebrmir\u00ebsimin e kapaciteteve profesionale dhe shkencore n\u00eb fush\u00ebn e t\u00eb drejt\u00ebs penale. Memorandumi u n\u00ebnshkrua n\u00eb dit\u00ebn e dyt\u00eb t\u00eb takimit q\u00eb Shoqata Ibero-Amerikane e Prokuror\u00ebve Publik\u00eb po zhvillon n\u00eb Kartagjen\u00eb, Kolumbi, 28-29 korrik. An\u00ebtar\u00eb t\u00eb k\u00ebsaj shoqate jan\u00eb prokurorit\u00eb e vendeve t\u00eb Amerik\u00ebs Latine dhe Spanj\u00ebs. N\u00eb fjal\u00ebn e tij, Prokurori i P\u00ebrgjithsh\u00ebm, Olsian \u00c7ela, n\u00ebnvizoi faktin se krimi kibernetik dhe p\u00ebrdorimi gjithnj\u00eb e m\u00eb masiv i teknologjis\u00eb n\u00eb kryerjen e krimeve me karakter transnacional, k\u00ebrkon urgjentisht nj\u00eb rritje t\u00eb kapaciteteve njer\u00ebzore dhe teknike, t\u00eb aft\u00eb p\u00ebr t\u2019i kuptuar dhe p\u00ebrballuar ato.<\/p>\n<p>Ai theksoi gjithashtu se:<\/p>\n<p>\u201cN\u00eb nivel global, ka nj\u00eb nd\u00ebrveprim n\u00eb rritje midis kriminel\u00ebve t\u00eb t\u00eb gjitha llojeve. Ata po p\u00ebrdorin me sukses t\u00eb gjitha mund\u00ebsit\u00eb q\u00eb ofron dixhitalizimi. Rritja eksponenciale e p\u00ebrdorimit t\u00eb kriptomonedhave dhe rreziku q\u00eb ato paraqesin p\u00ebrsa i p\u00ebrket \u00e7\u00ebshtjeve t\u00eb siguris\u00eb, si p\u00ebr shembull mund\u00ebsit\u00eb q\u00eb krijojn\u00eb p\u00ebr t\u00eb leht\u00ebsuar pastrimin e parave, \u00ebsht\u00eb nj\u00eb shembull i qart\u00eb i nevoj\u00ebs urgjente p\u00ebr t\u00eb rip\u00ebrcaktuar modelet dhe strategjit\u00eb e luft\u00ebs ndaj krimit. Nuk ka koh\u00eb p\u00ebr t\u00eb humbur. Ne jemi t\u00eb detyruar t\u2019i p\u00ebrshtasim strukturat dhe prioritetet tona ndaj k\u00ebtyre tendencave\u201d.<\/p>\n<p>Sipas kryeprokurorit, p\u00ebrmes bashk\u00ebpunimit do t\u00eb konsolidohen p\u00ebrvojat dhe kapacitetet si dhe do t\u00eb rritet kohezioni i reagimit t\u00eb organizuar institucional ndaj k\u00ebrc\u00ebnimeve serioze p\u00ebr sigurin\u00eb e p\u00ebrbashk\u00ebt. EU4FOCAL asistoi procesin deri n\u00eb n\u00ebnshkrimin e Memorandumit t\u00eb Mir\u00ebkuptimit. Gjat\u00eb takimit u n\u00ebnshkrua gjithashtu edhe nj\u00eb Memorandum Bashk\u00ebpunimi midis Eurojust dhe Shoqat\u00ebs Ibero-Amerikane e Prokuror\u00ebve Publik\u00eb (AIAMP).<\/p>\n<p>Burimi:BalkanWeb<\/p>","protected":false},"excerpt":{"rendered":"<p>Prokuroria e P\u00ebrgjithshme dhe Shoqata Ibero-Amerikane e Prokuror\u00ebve Publik\u00eb (AIAMP) n\u00ebnshkruan nj\u00eb memorandum mir\u00ebkuptimi, ku shpreh\u00ebn gatishm\u00ebrin\u00eb p\u00ebr bashk\u00ebpunimin n\u00eb luft\u00ebn kund\u00ebr trafiqeve t\u00eb paligjshme, pastrimit t\u00eb parave dhe \u00e7do krim tjet\u00ebr me interes t\u00eb p\u00ebrbashk\u00ebt si dhe p\u00ebr p\u00ebrmir\u00ebsimin e kapaciteteve profesionale dhe shkencore n\u00eb fush\u00ebn e t\u00eb drejt\u00ebs penale. Memorandumi u n\u00ebnshkrua n\u00eb [&hellip;]<\/p>\n","protected":false},"author":2037,"featured_media":117487,"comment_status":"closed","ping_status":"closed","sticky":false,"template":"","format":"standard","meta":{"footnotes":""},"categories":[241,364,231],"tags":[],"class_list":{"0":"post-274855","1":"post","2":"type-post","3":"status-publish","4":"format-standard","5":"has-post-thumbnail","7":"category-aktualitet","8":"category-koment-opinion","9":"category-lajme"},"_links":{"self":[{"href":"https:\/\/zjarr.tv\/en\/wp-json\/wp\/v2\/posts\/274855","targetHints":{"allow":["GET"]}}],"collection":[{"href":"https:\/\/zjarr.tv\/en\/wp-json\/wp\/v2\/posts"}],"about":[{"href":"https:\/\/zjarr.tv\/en\/wp-json\/wp\/v2\/types\/post"}],"author":[{"embeddable":true,"href":"https:\/\/zjarr.tv\/en\/wp-json\/wp\/v2\/users\/2037"}],"replies":[{"embeddable":true,"href":"https:\/\/zjarr.tv\/en\/wp-json\/wp\/v2\/comments?post=274855"}],"version-history":[{"count":0,"href":"https:\/\/zjarr.tv\/en\/wp-json\/wp\/v2\/posts\/274855\/revisions"}],"wp:featuredmedia":[{"embeddable":true,"href":"https:\/\/zjarr.tv\/en\/wp-json\/wp\/v2\/media\/117487"}],"wp:attachment":[{"href":"https:\/\/zjarr.tv\/en\/wp-json\/wp\/v2\/media?parent=274855"}],"wp:term":[{"taxonomy":"category","embeddable":true,"href":"https:\/\/zjarr.tv\/en\/wp-json\/wp\/v2\/categories?post=274855"},{"taxonomy":"post_tag","embeddable":true,"href":"https:\/\/zjarr.tv\/en\/wp-json\/wp\/v2\/tags?post=274855"}],"curies":[{"name":"wp","href":"https:\/\/api.w.org\/{rel}","templated":true}]}}