{"id":274857,"date":"2022-07-30T11:39:48","date_gmt":"2022-07-30T09:39:48","guid":{"rendered":"https:\/\/zjarr.tv\/?p=274857"},"modified":"2022-07-30T11:40:41","modified_gmt":"2022-07-30T09:40:41","slug":"30-mije-leke-subvencion-per-1-hektar-grure-qetesohet-brace-mezi-pres-te-mbillni-drithera-paguajme-ne","status":"publish","type":"post","link":"https:\/\/zjarr.tv\/en\/30-mije-leke-subvencion-per-1-hektar-grure-qetesohet-brace-mezi-pres-te-mbillni-drithera-paguajme-ne\/","title":{"rendered":"30 mij\u00eb lek\u00eb subvencion p\u00ebr 1 hektar grur\u00eb\/ Qet\u00ebsohet Bra\u00e7e: Mezi pres t\u00eb mbillni drith\u00ebra, paguajm\u00eb ne"},"content":{"rendered":"<p>Deputeti socialist, Erion Bra\u00e7e, q\u00eb vazhdimisht ka ngritur z\u00ebrin p\u00ebr munges\u00ebn e subvencioneve n\u00eb bujq\u00ebsi, e quan nj\u00eb betej\u00eb t\u00eb fituar vendimin e marr\u00eb sot nga qeveria p\u00ebr t\u00eb subvencionuar prodhimin e grurit n\u00eb vend.<\/p>\n<p>\u2018Jam i g\u00ebzuar p\u00ebr popullin e bujq\u00ebsis\u00eb, sidomos p\u00ebr ata q\u00eb merren me drithin\u2019, thot\u00eb deputeti n\u00eb nj\u00eb reagim n\u00eb rrjetin social \u201cInstagram\u201d.Ai thekson se betejat politike kan\u00eb vlera dhe fton fermer\u00ebt t\u00eb mbjellin sa m\u00eb shum\u00eb hektar\u00eb grur\u00eb, nd\u00ebrkoh\u00eb q\u00eb do t\u00eb ken\u00eb subvencione p\u00ebr punimin e tok\u00ebs.<\/p>\n<p>Ministrja e Bujq\u00ebsis\u00eb dhe Zhvillimit Rural, Frida Krifca tha sot pas mbledhjes s\u00eb qeveris\u00eb se, me vendimin e miratuar, kultivuesit e grurit me sip\u00ebrfaqe\u00a0 1 ha, q\u00eb jan\u00eb edhe prodhuesit kryesor q\u00eb dalin n\u00eb treg, do t\u00eb p\u00ebrfitojn\u00eb nj\u00eb mb\u00ebshtetje prej 30 000 lek\u00eb p\u00ebr hektar\u00eb.<\/p>\n<p>Reagimi i plot\u00eb i Erion Bra\u00e7es:<\/p>\n<p>ME BESONI, BETEJAT IA VLEJNE!<\/p>\n<p>Edi RAMA e QEVERIA sot:<\/p>\n<p>30 MIJE LEKE|300 EURO PER HEKTAR ME GRURE TE PRODHUAR;<\/p>\n<p>500 MILION LEKE|GATI 5 MILION EURO ME SHUME PER NAFTEN FALAS PER BUJQIT;<\/p>\n<p>40 LEKE\/LITER PER NAFTEN E PESHKIMIT.<\/p>\n<p>JAM PAAAAFUUUUND I GEZUAR!<\/p>\n<p>Jo per vete, UNE KETE PUNE KAM E LUFTEN E KAM MENYRE JETESE;<\/p>\n<p>Jam i gezuar per POPULLIN E BUJQESISE;<\/p>\n<p>Ata qe merren me drithin mbi te gjitha!<\/p>\n<p>Nje pyetje kam per ta;<\/p>\n<p>E SHIHNI QE BETEJAT PER POLITIKAT E DREJTA E TE MAJTA, VLEJNE?<\/p>\n<p>VLEJNE!<\/p>\n<p>Tani mezi pres te bashkoheni e mbillni grure me hektare te tera-DO PAGUAJME NE; te plugoni edhe me shume se vjet-DO PAGUAJME NAFTEN NE!<\/p>","protected":false},"excerpt":{"rendered":"<p>Deputeti socialist, Erion Bra\u00e7e, q\u00eb vazhdimisht ka ngritur z\u00ebrin p\u00ebr munges\u00ebn e subvencioneve n\u00eb bujq\u00ebsi, e quan nj\u00eb betej\u00eb t\u00eb fituar vendimin e marr\u00eb sot nga qeveria p\u00ebr t\u00eb subvencionuar prodhimin e grurit n\u00eb vend. \u2018Jam i g\u00ebzuar p\u00ebr popullin e bujq\u00ebsis\u00eb, sidomos p\u00ebr ata q\u00eb merren me drithin\u2019, thot\u00eb deputeti n\u00eb nj\u00eb reagim n\u00eb [&hellip;]<\/p>\n","protected":false},"author":2020,"featured_media":181393,"comment_status":"closed","ping_status":"closed","sticky":false,"template":"","format":"standard","meta":{"footnotes":""},"categories":[241,5380,231],"tags":[],"class_list":{"0":"post-274857","1":"post","2":"type-post","3":"status-publish","4":"format-standard","5":"has-post-thumbnail","7":"category-aktualitet","8":"category-kryesore","9":"category-lajme"},"_links":{"self":[{"href":"https:\/\/zjarr.tv\/en\/wp-json\/wp\/v2\/posts\/274857","targetHints":{"allow":["GET"]}}],"collection":[{"href":"https:\/\/zjarr.tv\/en\/wp-json\/wp\/v2\/posts"}],"about":[{"href":"https:\/\/zjarr.tv\/en\/wp-json\/wp\/v2\/types\/post"}],"author":[{"embeddable":true,"href":"https:\/\/zjarr.tv\/en\/wp-json\/wp\/v2\/users\/2020"}],"replies":[{"embeddable":true,"href":"https:\/\/zjarr.tv\/en\/wp-json\/wp\/v2\/comments?post=274857"}],"version-history":[{"count":0,"href":"https:\/\/zjarr.tv\/en\/wp-json\/wp\/v2\/posts\/274857\/revisions"}],"wp:featuredmedia":[{"embeddable":true,"href":"https:\/\/zjarr.tv\/en\/wp-json\/wp\/v2\/media\/181393"}],"wp:attachment":[{"href":"https:\/\/zjarr.tv\/en\/wp-json\/wp\/v2\/media?parent=274857"}],"wp:term":[{"taxonomy":"category","embeddable":true,"href":"https:\/\/zjarr.tv\/en\/wp-json\/wp\/v2\/categories?post=274857"},{"taxonomy":"post_tag","embeddable":true,"href":"https:\/\/zjarr.tv\/en\/wp-json\/wp\/v2\/tags?post=274857"}],"curies":[{"name":"wp","href":"https:\/\/api.w.org\/{rel}","templated":true}]}}