{"id":274858,"date":"2022-07-30T11:43:27","date_gmt":"2022-07-30T09:43:27","guid":{"rendered":"https:\/\/zjarr.tv\/?p=274858"},"modified":"2022-07-30T11:43:27","modified_gmt":"2022-07-30T09:43:27","slug":"debati-per-ish-sigurimsat-gjekmarkaj-akuzat-per-meten-leve-arkimedi-per-te-goditur-kundershtarin-te-hapen-dosjet-pa-perjashtim","status":"publish","type":"post","link":"https:\/\/zjarr.tv\/en\/debati-per-ish-sigurimsat-gjekmarkaj-akuzat-per-meten-leve-arkimedi-per-te-goditur-kundershtarin-te-hapen-dosjet-pa-perjashtim\/","title":{"rendered":"Debati p\u00ebr ish-sigurimsat\/ Gjekmarkaj: Akuzat p\u00ebr Met\u00ebn, \u201clev\u00eb Arkimedi\u201d p\u00ebr t\u00eb goditur kund\u00ebrshtarin. T\u00eb hapen dosjet pa p\u00ebrjashtim!"},"content":{"rendered":"<p>Deputeti i Partis\u00eb Demokratike, Agron Gjekmarkaj iu \u00ebsht\u00eb bashkuar reagimeve p\u00ebr debatet q\u00eb u prodhuan pas letr\u00ebs s\u00eb Autoritetit t\u00eb Dosjeve q\u00eb implikon ish-presidentin Ilir Meta si pjes\u00eb t\u00eb Sigurimit t\u00eb Shtetit. Gjekmarkaj, teksa b\u00ebn thirrje q\u00eb t\u00eb hap\u00ebn t\u00eb gjitha dosjet pa p\u00ebrjashtim thekson se akuzat p\u00ebr Met\u00ebn jan\u00eb \u2018lev\u00eb Arkimedi\u2019 p\u00ebr t\u00eb goditur kund\u00ebrshtarin n\u00eb k\u00ebto momente kur ai sapo ka krijuar forc\u00eb politike t\u00eb re.<\/p>\n<p><strong>Postimi i tij:<\/strong><\/p>\n<p>Opozita nuk mund t\u00eb funksionoj\u00eb si orkester e Qeveris\u00eb!<\/p>\n<p>N\u00ebse ke nj\u00eb gj\u00eb me t\u00eb cil\u00ebn \u00ebsht\u00eb luajtur piset n\u00eb vendin ton\u00eb jan\u00eb dosjet e sigurimit t\u00eb shtetit. Ato rikthehen me stin\u00eb sa her\u00eb e k\u00ebrkon diskursi politik. Ato do duheshin hapur q\u00eb n\u00eb vitin 1992, t\u00eb gjitha pa p\u00ebrjashtim. PD e asaj kohe kishte nj\u00eb super maxhoranc\u00eb. N\u00eb drit\u00ebn e diellit duhej t\u00eb dilte e keqja e 45 viteve p\u00ebrtej faktit kush paguan \u00e7mim m\u00eb t\u00eb lart\u00eb a m\u00eb t\u00eb ul\u00ebt. Po kaq duhej ligj p\u00ebr pun\u00ebtor\u00ebt e sigurimit t\u00eb shtetit, gjith\u00eb hierarkin\u00eb e tij, hetues, prokuror\u00eb e gjyqtar\u00eb t\u00eb komunizmit. Po k\u00ebto nuk ndodhen! Arsyet kuptohen. P\u00ebrdorimi i tyre ishte q\u00ebllimi. PS ka qen\u00eb m\u00eb e ftoht\u00eb ndaj k\u00ebtij fenomeni duke i konsideruar kontingjentin jo t\u00eb vog\u00ebl elektorat e mb\u00ebshtet\u00ebs politik\u00eb. T\u00eb gjitha shanse t\u00eb humbura.<\/p>\n<p>E shkuara nuk b\u00ebhet m\u00eb me ndoshta e sikur. Dosjet duhen hapur, t\u00eb gjitha, m\u00eb mir\u00eb von\u00eb se kurr\u00eb. Politika, administrata, diplomacia, policia, ushtria, drejt\u00ebsia duhen pastruar nga bashk\u00ebpun\u00ebtor\u00ebt dhe pun\u00ebtor\u00ebt, nga hierark\u00ebt e makin\u00ebs shtyp\u00ebse t\u00eb regjimit. Ja ku jemi sot pas 32 vitesh dhe tema rikthehet por jo nga pozita etike. Thjesht nga pozita politike. Prej dit\u00ebsh flitet p\u00ebr nj\u00eb dosje t\u00eb I M. Qeveria p\u00ebrpiqet ta lidhe at\u00eb me emrin e ish-Presidentit Ilir Meta fakt t\u00eb cilin ai e ka kund\u00ebrshtuar n\u00eb m\u00ebnyr\u00eb energjike. Un\u00eb se di t\u00eb v\u00ebrtet\u00ebn dhe nuk marr p\u00ebrsip\u00ebr t\u00eb b\u00ebhem z\u00ebdh\u00ebn\u00ebs i saj, por mosbesim kam t\u00eb drejt\u00eb t\u00eb kem duke gjykuar kontekstin politik kur argumenti u shfaq dhe u b\u00eb monopol i debatit publik. Ilir Meta sapo la presidenc\u00ebn dhe rithemeloi partin\u00eb e tij LSI n\u00eb \u201cParti t\u00eb Liris\u00eb\u201d duke shfaqur ambicie t\u00eb madhe opozitare u p\u00ebrball me ket\u00eb ngjarje.<\/p>\n<p>Duke e konsideruar momentin \u201cleve Arkimedi\u201d p\u00ebr t\u00eb goditur kund\u00ebrshtarin krejt makineria e mazhorances shp\u00ebrtheu n\u00eb iniciativa p\u00ebrmes Taulant Balles e Klotilda Bushkes duke kompleksuar pjes\u00ebn e deputetve q\u00eb nuk i jan\u00eb bashkuar \u201cFoltores\u201d. Ata me propozimet e tyre po duken n\u00eb t\u00eb nj\u00ebjt\u00ebn gjat\u00ebsi vale me Qeverin\u00eb e cila ka ngut t\u00eb shprehe k\u00ebnaq\u00ebsi p\u00ebr propozimet tona. Momenti, iniciativat dhe m\u00ebnyra e sjelljes, e pamiratuar nga grupi p\u00ebr k\u00ebt\u00eb \u00e7\u00ebshtje po e shfaq at\u00eb (grupin) me pa t\u00eb drejt\u00eb si orkest\u00ebr t\u00eb qeveris\u00eb n\u00eb karadyzenin e dit\u00ebs. Deklaratat p\u00ebrqafojn\u00eb nj\u00ebra -tjetr\u00ebn pavar\u00ebsisht nga cili kamp nisen. Ndjeshm\u00ebria e k\u00ebsaj teme e v\u00eb n\u00eb v\u00ebshtir\u00ebsi nj\u00eb grupim t\u00eb djatht\u00eb n\u00eb shah-matin e p\u00ebrditsh\u00ebm, por duhet gjetur forca p\u00ebr t\u2019i ikur p\u00ebrdorimit i cili ka p\u00ebr qellim diversionin mbi opozit\u00ebn. Sa p\u00ebr dosjet ato duhen hapur t\u00eb gjitha pa p\u00ebrjashtim. Kjo \u00ebsht\u00eb nj\u00ebra ana, tjetra makina shtyp\u00ebse e diktatur\u00ebs pun\u00ebtoret e saj duhen lustruar.<\/p>\n<p>Burimi: Postimi i Gjekmarkaj n\u00eb Facebook.<\/p>","protected":false},"excerpt":{"rendered":"<p>Deputeti i Partis\u00eb Demokratike, Agron Gjekmarkaj iu \u00ebsht\u00eb bashkuar reagimeve p\u00ebr debatet q\u00eb u prodhuan pas letr\u00ebs s\u00eb Autoritetit t\u00eb Dosjeve q\u00eb implikon ish-presidentin Ilir Meta si pjes\u00eb t\u00eb Sigurimit t\u00eb Shtetit. Gjekmarkaj, teksa b\u00ebn thirrje q\u00eb t\u00eb hap\u00ebn t\u00eb gjitha dosjet pa p\u00ebrjashtim thekson se akuzat p\u00ebr Met\u00ebn jan\u00eb \u2018lev\u00eb Arkimedi\u2019 p\u00ebr t\u00eb goditur [&hellip;]<\/p>\n","protected":false},"author":2037,"featured_media":183661,"comment_status":"closed","ping_status":"closed","sticky":false,"template":"","format":"standard","meta":{"footnotes":""},"categories":[241,364,231,1454],"tags":[],"class_list":{"0":"post-274858","1":"post","2":"type-post","3":"status-publish","4":"format-standard","5":"has-post-thumbnail","7":"category-aktualitet","8":"category-koment-opinion","9":"category-lajme","10":"category-politike"},"_links":{"self":[{"href":"https:\/\/zjarr.tv\/en\/wp-json\/wp\/v2\/posts\/274858","targetHints":{"allow":["GET"]}}],"collection":[{"href":"https:\/\/zjarr.tv\/en\/wp-json\/wp\/v2\/posts"}],"about":[{"href":"https:\/\/zjarr.tv\/en\/wp-json\/wp\/v2\/types\/post"}],"author":[{"embeddable":true,"href":"https:\/\/zjarr.tv\/en\/wp-json\/wp\/v2\/users\/2037"}],"replies":[{"embeddable":true,"href":"https:\/\/zjarr.tv\/en\/wp-json\/wp\/v2\/comments?post=274858"}],"version-history":[{"count":0,"href":"https:\/\/zjarr.tv\/en\/wp-json\/wp\/v2\/posts\/274858\/revisions"}],"wp:featuredmedia":[{"embeddable":true,"href":"https:\/\/zjarr.tv\/en\/wp-json\/wp\/v2\/media\/183661"}],"wp:attachment":[{"href":"https:\/\/zjarr.tv\/en\/wp-json\/wp\/v2\/media?parent=274858"}],"wp:term":[{"taxonomy":"category","embeddable":true,"href":"https:\/\/zjarr.tv\/en\/wp-json\/wp\/v2\/categories?post=274858"},{"taxonomy":"post_tag","embeddable":true,"href":"https:\/\/zjarr.tv\/en\/wp-json\/wp\/v2\/tags?post=274858"}],"curies":[{"name":"wp","href":"https:\/\/api.w.org\/{rel}","templated":true}]}}