{"id":274860,"date":"2022-07-30T11:47:28","date_gmt":"2022-07-30T09:47:28","guid":{"rendered":"https:\/\/zjarr.tv\/?p=274860"},"modified":"2022-07-30T11:47:28","modified_gmt":"2022-07-30T09:47:28","slug":"tha-njeri-e-kerkova-ne-google-dhe-nuk-e-rama-per-kryenegociatoren-e-re-pa-njerez-si-ajo-nuk-do-funksiononte-administrata","status":"publish","type":"post","link":"https:\/\/zjarr.tv\/en\/tha-njeri-e-kerkova-ne-google-dhe-nuk-e-rama-per-kryenegociatoren-e-re-pa-njerez-si-ajo-nuk-do-funksiononte-administrata\/","title":{"rendered":"\u201cTha nj\u00ebri: e k\u00ebrkova n\u00eb google dhe nuk e \u2026\u201d, Rama p\u00ebr kryenegociatoren e re: Pa njer\u00ebz si ajo nuk do funksiononte administrata"},"content":{"rendered":"<p>Kryeministri EdiRama ka zhvilluar nj\u00eb konferenc\u00eb t\u00eb p\u00ebrbashk\u00ebt me ministren e Jashtme, Olta Xha\u00e7ka dhe kryenegociatore, Majlind Dhuka ku ka folur lidhur me ekipin e negociatave p\u00ebr an\u00ebtar\u00ebsimin n\u00eb Bashkimin Europian.<\/p>\n<p>Rama shpjegoi sesi do t\u00eb procedohej sa i p\u00ebrket procesit t\u00eb negociatave, nd\u00ebrsa shprehu vler\u00ebsim p\u00ebr kryenegociatoren, p\u00ebr t\u00eb cil\u00ebn tha se pavar\u00ebsisht se emri i saj nuk figuronte n\u00eb \u201cgoogle\u201d, pa t\u00eb puna e administrat\u00ebs nuk do funksiononte.<\/p>\n<p>Edi Rama: Tha nj\u00ebri e k\u00ebrkova n\u00eb google dhe se gjeta, kjo \u00ebsht\u00eb arsyeja pse ka nj\u00eb ndryshim themelor. Ka shum\u00eb njer\u00ebz n\u00eb administrat\u00ebn ton\u00eb s\u2019i gjen n\u00eb google por pa t\u00eb cil\u00ebt administrata jon\u00eb nuk do t\u00eb funksiononte dot. Jan\u00eb pjes\u00eb e palc\u00ebs s\u00eb shtetit shqiptar. Njer\u00ebz q\u00eb mund t\u00eb jen\u00eb n\u00eb zyra qysh prej fillim viteve \u201990 dhe i kan\u00eb sh\u00ebrbyer shtetit me p\u00ebrul\u00ebsi. Jan\u00eb njer\u00ebzit si ajo q\u00eb kan\u00eb b\u00ebr\u00eb pjes\u00ebn e tyre t\u00eb pun\u00ebs. Kjo \u00ebsht\u00eb e gjitha.<\/p>","protected":false},"excerpt":{"rendered":"<p>Kryeministri EdiRama ka zhvilluar nj\u00eb konferenc\u00eb t\u00eb p\u00ebrbashk\u00ebt me ministren e Jashtme, Olta Xha\u00e7ka dhe kryenegociatore, Majlind Dhuka ku ka folur lidhur me ekipin e negociatave p\u00ebr an\u00ebtar\u00ebsimin n\u00eb Bashkimin Europian. Rama shpjegoi sesi do t\u00eb procedohej sa i p\u00ebrket procesit t\u00eb negociatave, nd\u00ebrsa shprehu vler\u00ebsim p\u00ebr kryenegociatoren, p\u00ebr t\u00eb cil\u00ebn tha se pavar\u00ebsisht se [&hellip;]<\/p>\n","protected":false},"author":2020,"featured_media":192749,"comment_status":"closed","ping_status":"closed","sticky":false,"template":"","format":"standard","meta":{"footnotes":""},"categories":[241,5380,231],"tags":[],"class_list":{"0":"post-274860","1":"post","2":"type-post","3":"status-publish","4":"format-standard","5":"has-post-thumbnail","7":"category-aktualitet","8":"category-kryesore","9":"category-lajme"},"_links":{"self":[{"href":"https:\/\/zjarr.tv\/en\/wp-json\/wp\/v2\/posts\/274860","targetHints":{"allow":["GET"]}}],"collection":[{"href":"https:\/\/zjarr.tv\/en\/wp-json\/wp\/v2\/posts"}],"about":[{"href":"https:\/\/zjarr.tv\/en\/wp-json\/wp\/v2\/types\/post"}],"author":[{"embeddable":true,"href":"https:\/\/zjarr.tv\/en\/wp-json\/wp\/v2\/users\/2020"}],"replies":[{"embeddable":true,"href":"https:\/\/zjarr.tv\/en\/wp-json\/wp\/v2\/comments?post=274860"}],"version-history":[{"count":0,"href":"https:\/\/zjarr.tv\/en\/wp-json\/wp\/v2\/posts\/274860\/revisions"}],"wp:featuredmedia":[{"embeddable":true,"href":"https:\/\/zjarr.tv\/en\/wp-json\/wp\/v2\/media\/192749"}],"wp:attachment":[{"href":"https:\/\/zjarr.tv\/en\/wp-json\/wp\/v2\/media?parent=274860"}],"wp:term":[{"taxonomy":"category","embeddable":true,"href":"https:\/\/zjarr.tv\/en\/wp-json\/wp\/v2\/categories?post=274860"},{"taxonomy":"post_tag","embeddable":true,"href":"https:\/\/zjarr.tv\/en\/wp-json\/wp\/v2\/tags?post=274860"}],"curies":[{"name":"wp","href":"https:\/\/api.w.org\/{rel}","templated":true}]}}