{"id":274862,"date":"2022-07-30T11:59:06","date_gmt":"2022-07-30T09:59:06","guid":{"rendered":"https:\/\/zjarr.tv\/?p=274862"},"modified":"2022-07-30T11:59:06","modified_gmt":"2022-07-30T09:59:06","slug":"vrasjet-ngrene-ne-proteste-te-rinjte-e-kurbinit-fishekzjarret-e-festes-si-mbulojne-dot-gezhojat-e-armeve","status":"publish","type":"post","link":"https:\/\/zjarr.tv\/en\/vrasjet-ngrene-ne-proteste-te-rinjte-e-kurbinit-fishekzjarret-e-festes-si-mbulojne-dot-gezhojat-e-armeve\/","title":{"rendered":"Vrasjet ngren\u00eb n\u00eb protest\u00eb t\u00eb rinjt\u00eb e Kurbinit: Fishekzjarret e fest\u00ebs s&#8217;i mbulojn\u00eb dot g\u00ebzhojat e arm\u00ebve!"},"content":{"rendered":"<p>Vrasjet e dit\u00ebve t\u00eb fundit dhe rritja e kriminalitetit n\u00eb vend ka ngritur n\u00eb protest\u00eb nj\u00eb grup t\u00eb rinjsh n\u00eb qytetin e La\u00e7it.<\/p>\n<p>\u201cLiria \u00ebsht\u00eb e shtrenjt\u00eb po vdekja akoma m\u00eb shum\u00eb\u201d<\/p>\n<p>&#8211;\u00a0\u201cLiria jon\u00eb e shitur e vuri shtetin n\u00eb gjum\u00eb\u201d<\/p>\n<p>&#8211;\u00a0\u201dKurbini nuk ka m\u00eb t\u00eb rinj p\u00ebr t\u00eb sakrifikuar\u201d.<\/p>\n<p>K\u00ebto ishin thirjet e protestuesve t\u00eb cil\u00ebt marshuan nga Gjykata deri tek sheshi kryesor t\u00eb qytetit dhe m\u00eb pas drejt Komisariatit t\u00eb Kurbinit, si\u00e7 njoftoi gazetari Martin Marku. T\u00eb rinjt\u00eb e shoq\u00ebris\u00eb civile dhe aktivist u ndal\u00ebn tek ngjarjet e fundit ku 4 t\u00eb rinj u vran\u00eb brenda nj\u00eb jav\u00eb duke theksuar se shteti po tregohet i pafuqish\u00ebm p\u00ebrball\u00eb ngjarjeve kriminale. Aktivistet ngrit\u00ebn z\u00ebrin kund\u00ebr krimiti i cili ka gjunj\u00ebzuar vendin. Pavar\u00ebsisht thirrjeve, qytetar\u00ebt kurbinas u treguan indiferent duke mos iu bashkuar marshimit n\u00eb mas\u00eb.<\/p>\n<p>Burimi: Syri.net<\/p>","protected":false},"excerpt":{"rendered":"<p>Vrasjet e dit\u00ebve t\u00eb fundit dhe rritja e kriminalitetit n\u00eb vend ka ngritur n\u00eb protest\u00eb nj\u00eb grup t\u00eb rinjsh n\u00eb qytetin e La\u00e7it. \u201cLiria \u00ebsht\u00eb e shtrenjt\u00eb po vdekja akoma m\u00eb shum\u00eb\u201d &#8211;\u00a0\u201cLiria jon\u00eb e shitur e vuri shtetin n\u00eb gjum\u00eb\u201d &#8211;\u00a0\u201dKurbini nuk ka m\u00eb t\u00eb rinj p\u00ebr t\u00eb sakrifikuar\u201d. K\u00ebto ishin thirjet e protestuesve [&hellip;]<\/p>\n","protected":false},"author":2037,"featured_media":274867,"comment_status":"closed","ping_status":"closed","sticky":false,"template":"","format":"standard","meta":{"footnotes":""},"categories":[241,231],"tags":[],"class_list":{"0":"post-274862","1":"post","2":"type-post","3":"status-publish","4":"format-standard","5":"has-post-thumbnail","7":"category-aktualitet","8":"category-lajme"},"_links":{"self":[{"href":"https:\/\/zjarr.tv\/en\/wp-json\/wp\/v2\/posts\/274862","targetHints":{"allow":["GET"]}}],"collection":[{"href":"https:\/\/zjarr.tv\/en\/wp-json\/wp\/v2\/posts"}],"about":[{"href":"https:\/\/zjarr.tv\/en\/wp-json\/wp\/v2\/types\/post"}],"author":[{"embeddable":true,"href":"https:\/\/zjarr.tv\/en\/wp-json\/wp\/v2\/users\/2037"}],"replies":[{"embeddable":true,"href":"https:\/\/zjarr.tv\/en\/wp-json\/wp\/v2\/comments?post=274862"}],"version-history":[{"count":0,"href":"https:\/\/zjarr.tv\/en\/wp-json\/wp\/v2\/posts\/274862\/revisions"}],"wp:featuredmedia":[{"embeddable":true,"href":"https:\/\/zjarr.tv\/en\/wp-json\/wp\/v2\/media\/274867"}],"wp:attachment":[{"href":"https:\/\/zjarr.tv\/en\/wp-json\/wp\/v2\/media?parent=274862"}],"wp:term":[{"taxonomy":"category","embeddable":true,"href":"https:\/\/zjarr.tv\/en\/wp-json\/wp\/v2\/categories?post=274862"},{"taxonomy":"post_tag","embeddable":true,"href":"https:\/\/zjarr.tv\/en\/wp-json\/wp\/v2\/tags?post=274862"}],"curies":[{"name":"wp","href":"https:\/\/api.w.org\/{rel}","templated":true}]}}