{"id":274870,"date":"2022-07-30T12:06:44","date_gmt":"2022-07-30T10:06:44","guid":{"rendered":"https:\/\/zjarr.tv\/?p=274870"},"modified":"2022-07-30T12:06:44","modified_gmt":"2022-07-30T10:06:44","slug":"boci-shfaq-fotot-nga-zavalina-pyjet-po-i-shfarosin-me-shume-se-zjarret-hajdutet-e-pushtetit","status":"publish","type":"post","link":"https:\/\/zjarr.tv\/en\/boci-shfaq-fotot-nga-zavalina-pyjet-po-i-shfarosin-me-shume-se-zjarret-hajdutet-e-pushtetit\/","title":{"rendered":"Bo\u00e7i shfaq fotot nga Zavalina: Pyjet po i shfarosin m\u00eb shum\u00eb se zjarret, hajdut\u00ebt e pushtetit!"},"content":{"rendered":"<p>Deputeti demokrat i Elbasanit, Lu\u00e7iano Bo\u00e7i, ka denoncuar me foto se si po shfarosen pyjet nga ata q\u00eb i cil\u00ebson si \u201chajdut\u00ebt e pushtetit\u201d. N\u00eb krah t\u00eb k\u00ebtyre fotove, Bo\u00e7i shkruan:<\/p>\n<p>\u201c\u00cbsht\u00eb ver\u00eb,vap\u00eb, por grabitja e pyjeve nuk njeh as ver\u00eb dhe as er\u00eb, si leku vet\u00eb. Ajo \u00ebsht\u00eb fitimprur\u00ebse dhe vazhdon t\u00eb behet n\u00eb mes t\u00eb dit\u00ebs, pa turp dhe stepje, sepse e b\u00ebn pushteti n\u00ebn mbrojtjen e pushtetit. Pyjet, po i shfarosin m\u00eb shum\u00eb se zjarret e ver\u00ebs, hajdut\u00ebt e pushtetit. Pamjet vijn\u00eb nga Zavalina e larg\u00ebt, ku prej koh\u00ebsh grabitja e pyjeve \u00ebsht\u00eb ngritur n\u00eb sistem. Shpopullim dhe shpyll\u00ebzimi masiv i k\u00ebtyre zonave vazhdon n\u00eb ritmet e vap\u00ebs funebre!\u201d n\u00ebnvizon Bo\u00e7i.<\/p>\n<p>Burimi: Postim i deputetit te faqja e tij zyrtare.<\/p>","protected":false},"excerpt":{"rendered":"<p>Deputeti demokrat i Elbasanit, Lu\u00e7iano Bo\u00e7i, ka denoncuar me foto se si po shfarosen pyjet nga ata q\u00eb i cil\u00ebson si \u201chajdut\u00ebt e pushtetit\u201d. N\u00eb krah t\u00eb k\u00ebtyre fotove, Bo\u00e7i shkruan: \u201c\u00cbsht\u00eb ver\u00eb,vap\u00eb, por grabitja e pyjeve nuk njeh as ver\u00eb dhe as er\u00eb, si leku vet\u00eb. Ajo \u00ebsht\u00eb fitimprur\u00ebse dhe vazhdon t\u00eb behet n\u00eb [&hellip;]<\/p>\n","protected":false},"author":2037,"featured_media":274234,"comment_status":"closed","ping_status":"closed","sticky":false,"template":"","format":"standard","meta":{"footnotes":""},"categories":[241,364,231],"tags":[],"class_list":{"0":"post-274870","1":"post","2":"type-post","3":"status-publish","4":"format-standard","5":"has-post-thumbnail","7":"category-aktualitet","8":"category-koment-opinion","9":"category-lajme"},"_links":{"self":[{"href":"https:\/\/zjarr.tv\/en\/wp-json\/wp\/v2\/posts\/274870","targetHints":{"allow":["GET"]}}],"collection":[{"href":"https:\/\/zjarr.tv\/en\/wp-json\/wp\/v2\/posts"}],"about":[{"href":"https:\/\/zjarr.tv\/en\/wp-json\/wp\/v2\/types\/post"}],"author":[{"embeddable":true,"href":"https:\/\/zjarr.tv\/en\/wp-json\/wp\/v2\/users\/2037"}],"replies":[{"embeddable":true,"href":"https:\/\/zjarr.tv\/en\/wp-json\/wp\/v2\/comments?post=274870"}],"version-history":[{"count":0,"href":"https:\/\/zjarr.tv\/en\/wp-json\/wp\/v2\/posts\/274870\/revisions"}],"wp:featuredmedia":[{"embeddable":true,"href":"https:\/\/zjarr.tv\/en\/wp-json\/wp\/v2\/media\/274234"}],"wp:attachment":[{"href":"https:\/\/zjarr.tv\/en\/wp-json\/wp\/v2\/media?parent=274870"}],"wp:term":[{"taxonomy":"category","embeddable":true,"href":"https:\/\/zjarr.tv\/en\/wp-json\/wp\/v2\/categories?post=274870"},{"taxonomy":"post_tag","embeddable":true,"href":"https:\/\/zjarr.tv\/en\/wp-json\/wp\/v2\/tags?post=274870"}],"curies":[{"name":"wp","href":"https:\/\/api.w.org\/{rel}","templated":true}]}}