{"id":274947,"date":"2022-07-30T16:37:52","date_gmt":"2022-07-30T14:37:52","guid":{"rendered":"https:\/\/zjarr.tv\/?p=274947"},"modified":"2022-07-30T16:37:52","modified_gmt":"2022-07-30T14:37:52","slug":"ish-kryeministri-berisha-publikon-foton-historia-e-vertete-e-marredhenieve-shqiptaro-amerikane","status":"publish","type":"post","link":"https:\/\/zjarr.tv\/en\/ish-kryeministri-berisha-publikon-foton-historia-e-vertete-e-marredhenieve-shqiptaro-amerikane\/","title":{"rendered":"Ish-kryeministri Berisha publikon foton: Historia e v\u00ebrtet\u00eb e marr\u00ebdh\u00ebnieve Shqiptaro-Amerikane"},"content":{"rendered":"<p>Kryetari i Partis\u00eb Demokratike, Sali Berisha, akuzon Kryeministrin Edi Rama, se po falsifikon historin\u00eb e marr\u00ebdh\u00ebnieve diplomatike me SHBA.<\/p>\n<p>Berisha ka postuar nj\u00eb foto t\u00eb realizuar n\u00eb Departamentin e Amerikan t\u00eb Shtetit m\u00eb 15 Mars 1991, n\u00eb dit\u00ebn e rivendosjes s\u00eb marr\u00ebdh\u00ebnieve diplomatike midis Shqip\u00ebris\u00eb dhe SHBA, pas rr\u00ebzimit t\u00eb sistemit komunist.<\/p>\n<p>Berisha n\u00eb k\u00ebt\u00eb foto shfaqet krah Gramoz Pashkos, At Artur Liolin, Elez Bibera dhe Sergio Byty\u00e7i.<\/p>\n<p>Postimi i Berish\u00ebs:<\/p>\n<p>Kryetari i Partis\u00eb Demokratike, Sali Berisha, akuzon Kryeministrin Edi Rama, se po falsifikon historin\u00eb e marr\u00ebdh\u00ebnieve diplomatike me SHBA.<\/p>\n<p>Berisha ka postuar nj\u00eb foto t\u00eb realizuar n\u00eb Departamentin e Amerikan t\u00eb Shtetit m\u00eb 15 Mars 1991, n\u00eb dit\u00ebn e rivendosjes s\u00eb marr\u00ebdh\u00ebnieve diplomatike midis Shqip\u00ebris\u00eb dhe SHBA, pas rr\u00ebzimit t\u00eb sistemit komunist.<\/p>\n<p>Berisha n\u00eb k\u00ebt\u00eb foto shfaqet krah Gramoz Pashkos, At Artur Liolin, Elez Bibera dhe Sergio Byty\u00e7i.<\/p>\n<p>Postimi i Berish\u00ebs:<\/p>\n<p>\u201cHistoria e v\u00ebrtet e marr\u00ebdh\u00ebnieve Shqiptaro-Amerikane n\u00eb 31 vitet e fundit n\u00eb foto dhe video.<\/p>\n<p>Miq, p\u00ebr shkak t\u00eb fallsifikimit banal, si n\u00eb koh\u00ebrat e vjetra, t\u00eb historis\u00eb se marr\u00ebdh\u00ebnieve shqiptaro-amerikane nga Edi Rama, neobllokmen\u00ebt e tij dhe mfaia e George Sorosit, vendosa te flas dhe t\u00eb paraqes p\u00ebr ju \u00e7do dit\u00eb n\u00eb foto dhe video t\u00eb gjitha momentet m\u00eb thelb\u00ebsore t\u00eb k\u00ebtyre marr\u00ebdh\u00ebnieve n\u00eb 100 vjetorin e tyre.<\/p>\n<p>Me 15 Mars 1991, Foto n\u00eb Departamentin e Shtetit, me Gramoz Pashkon dhe bashkatdhetaret tan\u00eb At Artur Liolin, Elez Biberaj, Sergio Byty\u00e7i, dit\u00ebn e rivendosjes s\u00eb marr\u00ebdh\u00ebnieve diplomatike midis Shqip\u00ebris\u00eb dhe SHBA. Sb\u201d, shkruan Berisha.<\/p>\n<p>FOTO:<\/p>\n<p><a href=\"https:\/\/www.facebook.com\/photo\/?fbid=618380719643034&amp;set=a.410135063800935&amp;__cft__[0]=AZUvuPSbccT1q5Xb7LKarttowgy6LZiKfkxX69-wf_4PI_uA_bUwOaIkn-grCGj3pIkCdGqwZ-qT7VXXrZJrS96NeAlQtwlMzq5TKjVfT1LwuHgEBO9pKbPoP6wM9XJ8MkL85c4UFnPqLgNkWhnIUwyvqoAJdmkxSVih6Av2FwFWLg&amp;__tn__=EH-R\" target=\"_blank\" rel=\"noopener\">Ish-kryeministri Berisha publikon foton: Historia e v\u00ebrtet\u00eb e marr\u00ebdh\u00ebnieve Shqiptaro-Amerikane<\/a><\/p>\n","protected":false},"excerpt":{"rendered":"<p>Kryetari i Partis\u00eb Demokratike, Sali Berisha, akuzon Kryeministrin Edi Rama, se po falsifikon historin\u00eb e marr\u00ebdh\u00ebnieve diplomatike me SHBA. Berisha ka postuar nj\u00eb foto t\u00eb realizuar n\u00eb Departamentin e Amerikan t\u00eb Shtetit m\u00eb 15 Mars 1991, n\u00eb dit\u00ebn e rivendosjes s\u00eb marr\u00ebdh\u00ebnieve diplomatike midis Shqip\u00ebris\u00eb dhe SHBA, pas rr\u00ebzimit t\u00eb sistemit komunist. Berisha n\u00eb k\u00ebt\u00eb [&hellip;]<\/p>\n","protected":false},"author":2031,"featured_media":254632,"comment_status":"closed","ping_status":"closed","sticky":false,"template":"","format":"standard","meta":{"footnotes":""},"categories":[241,231,235],"tags":[],"class_list":{"0":"post-274947","1":"post","2":"type-post","3":"status-publish","4":"format-standard","5":"has-post-thumbnail","7":"category-aktualitet","8":"category-lajme","9":"category-vendi"},"_links":{"self":[{"href":"https:\/\/zjarr.tv\/en\/wp-json\/wp\/v2\/posts\/274947","targetHints":{"allow":["GET"]}}],"collection":[{"href":"https:\/\/zjarr.tv\/en\/wp-json\/wp\/v2\/posts"}],"about":[{"href":"https:\/\/zjarr.tv\/en\/wp-json\/wp\/v2\/types\/post"}],"author":[{"embeddable":true,"href":"https:\/\/zjarr.tv\/en\/wp-json\/wp\/v2\/users\/2031"}],"replies":[{"embeddable":true,"href":"https:\/\/zjarr.tv\/en\/wp-json\/wp\/v2\/comments?post=274947"}],"version-history":[{"count":0,"href":"https:\/\/zjarr.tv\/en\/wp-json\/wp\/v2\/posts\/274947\/revisions"}],"wp:featuredmedia":[{"embeddable":true,"href":"https:\/\/zjarr.tv\/en\/wp-json\/wp\/v2\/media\/254632"}],"wp:attachment":[{"href":"https:\/\/zjarr.tv\/en\/wp-json\/wp\/v2\/media?parent=274947"}],"wp:term":[{"taxonomy":"category","embeddable":true,"href":"https:\/\/zjarr.tv\/en\/wp-json\/wp\/v2\/categories?post=274947"},{"taxonomy":"post_tag","embeddable":true,"href":"https:\/\/zjarr.tv\/en\/wp-json\/wp\/v2\/tags?post=274947"}],"curies":[{"name":"wp","href":"https:\/\/api.w.org\/{rel}","templated":true}]}}