{"id":275113,"date":"2022-07-31T16:13:38","date_gmt":"2022-07-31T14:13:38","guid":{"rendered":"https:\/\/zjarr.tv\/?p=275113"},"modified":"2022-07-31T16:13:38","modified_gmt":"2022-07-31T14:13:38","slug":"veliaj-takon-kryetarin-e-komunes-se-gostivarit-arben-taravari-ecim-krah-per-krah-me-maqedonine-e-veriut-ne-rrugen-e-integrimit-ne-be","status":"publish","type":"post","link":"https:\/\/zjarr.tv\/en\/veliaj-takon-kryetarin-e-komunes-se-gostivarit-arben-taravari-ecim-krah-per-krah-me-maqedonine-e-veriut-ne-rrugen-e-integrimit-ne-be\/","title":{"rendered":"Veliaj takon kryetarin e Komun\u00ebs s\u00eb Gostivarit, Arben Taravari: Ecim krah p\u00ebr krah me Maqedonin\u00eb e Veriut n\u00eb rrug\u00ebn e integrimit n\u00eb BE"},"content":{"rendered":"<p>Kryetari i Bashkis\u00eb s\u00eb Tiran\u00ebs, Erion Veliaj priti n\u00eb zyr\u00eb kryetarin e Komun\u00ebs s\u00eb Gostivarit, Arben Taravari, me t\u00eb cilin diskutuan rreth realizimit t\u00eb aktiviteteve t\u00eb ndryshme p\u00ebr t\u00eb rinjt\u00eb, n\u00eb fush\u00ebn e inovacionit, artit, kultur\u00ebs etj.. Veliaj tha se n\u00eb fund t\u00eb ver\u00ebs n\u00eb Tiran\u00eb do t\u00eb ket\u00eb nj\u00eb jav\u00eb dedikuar kulinaris\u00eb, kultur\u00ebs, k\u00ebng\u00ebve, e valleve t\u00eb Gostivarit p\u00ebr t\u00eb kuptuar q\u00eb ka m\u00eb shum\u00eb gj\u00ebra q\u00eb i bashkojn\u00eb dy vendet.<\/p>\n<p>\u201cJemi t\u00eb lumtur q\u00eb ju presim si Kryeqyteti Europian i Rinis\u00eb dhe m\u00eb b\u00ebhet zemra mal q\u00eb kemi filluar idet\u00eb e para se si disa nga shkollat e Gostivarit dhe te Tiran\u00ebs mund t\u00eb b\u00ebhen shkolla simotra. Mezi pres q\u00eb kontributi yn\u00eb t\u00eb jet\u00eb m\u00eb shum\u00eb p\u00ebr t\u00eb forcuar k\u00ebto marr\u00ebdh\u00ebnie mes t\u00eb rinjve. Mezi pres gjithashtu, q\u00eb n\u00eb fillim t\u00eb vjesht\u00ebs t\u00eb kemi jav\u00ebn e Gostivarit k\u00ebtu, t\u00eb kulinaris\u00eb, t\u00eb kultur\u00ebs, t\u00eb k\u00ebng\u00ebve, t\u00eb valleve edhe t\u00eb kuptojm\u00eb q\u00eb ka m\u00eb shum\u00eb gj\u00ebra q\u00eb na bashkojn\u00eb se gj\u00ebrat q\u00eb na ndajn\u00eb\u201d, tha Veliaj.<\/p>\n<p>Teksa disa e shohin vendin me pamje nga e kaluara, disa e shohin nga e ardhmja, disa duan t\u00eb shtyjn\u00eb integrimin evropian, disa duan t\u00eb kthehen dhe t\u00eb sqarojn\u00eb historit\u00eb e vjetra\u201d, tha m\u00eb tej kryebashkiaku Veliaj, nd\u00ebrsa shtoi se Shqip\u00ebria e mb\u00ebshtet Maqedonin\u00eb e Veriut n\u00eb hapjen e negociatave dhe do q\u00eb t\u00eb ecin krah p\u00ebr krah n\u00eb rrug\u00ebn drejt integrimit.<\/p>\n<p>\u201cMezi presim qe Maqedonia e Veriut te ece perpara. Ne e shohim k\u00ebt\u00eb jo si dikush q\u00eb ndjek tjetrin, po si dy popuj qe ecin krah p\u00ebr krah, jo nj\u00ebri para e tjetri pas. D\u00ebshira q\u00eb na del nga zemra \u00ebsht\u00eb t\u00eb shkojm\u00eb n\u00eb k\u00ebt\u00eb rrug\u00eb s\u00ebbashku dhe t\u00eb dalim faqebardh\u00eb\u201d, sqaroi Veliaj.<\/p>\n<p>Kryetari i Komun\u00ebs s\u00eb Gostivarit, Arben Taravari falenderoi kreun e Bashkis\u00eb s\u00eb Tiran\u00ebs p\u00ebr dhurat\u00ebn simbolike, p\u00ebr t\u00eb cilin tha se \u00ebsht\u00eb modeli i kryetar\u00ebve t\u00eb komunave, jo vet\u00ebm n\u00eb trevat shqiptare, por n\u00eb gjith\u00eb rajonin.<\/p>\n<p>\u201cTirana k\u00ebt\u00eb vit e konsiderojm\u00eb si kryeqyteti i t\u00eb gjith\u00eb shqiptar\u00ebve, jo vet\u00ebm i Shqip\u00ebris\u00eb. \u00cbsht\u00eb k\u00ebnaq\u00ebsi e ve\u00e7ant\u00eb t\u00eb jem mysafiri i kryetarit Erion Veliaj, i cili \u00ebsht\u00eb modeli i kryetar\u00ebve t\u00eb komunave, jo n\u00eb trevat shqiptare por n\u00eb Rajon. Uroj t\u00eb vazhdoni k\u00ebshtu\u201d, p\u00ebrfundoi Taravari.<\/p>","protected":false},"excerpt":{"rendered":"<p>Kryetari i Bashkis\u00eb s\u00eb Tiran\u00ebs, Erion Veliaj priti n\u00eb zyr\u00eb kryetarin e Komun\u00ebs s\u00eb Gostivarit, Arben Taravari, me t\u00eb cilin diskutuan rreth realizimit t\u00eb aktiviteteve t\u00eb ndryshme p\u00ebr t\u00eb rinjt\u00eb, n\u00eb fush\u00ebn e inovacionit, artit, kultur\u00ebs etj.. Veliaj tha se n\u00eb fund t\u00eb ver\u00ebs n\u00eb Tiran\u00eb do t\u00eb ket\u00eb nj\u00eb jav\u00eb dedikuar kulinaris\u00eb, kultur\u00ebs, k\u00ebng\u00ebve, [&hellip;]<\/p>\n","protected":false},"author":2020,"featured_media":268760,"comment_status":"closed","ping_status":"closed","sticky":false,"template":"","format":"standard","meta":{"footnotes":""},"categories":[241,5380,231],"tags":[],"class_list":{"0":"post-275113","1":"post","2":"type-post","3":"status-publish","4":"format-standard","5":"has-post-thumbnail","7":"category-aktualitet","8":"category-kryesore","9":"category-lajme"},"_links":{"self":[{"href":"https:\/\/zjarr.tv\/en\/wp-json\/wp\/v2\/posts\/275113","targetHints":{"allow":["GET"]}}],"collection":[{"href":"https:\/\/zjarr.tv\/en\/wp-json\/wp\/v2\/posts"}],"about":[{"href":"https:\/\/zjarr.tv\/en\/wp-json\/wp\/v2\/types\/post"}],"author":[{"embeddable":true,"href":"https:\/\/zjarr.tv\/en\/wp-json\/wp\/v2\/users\/2020"}],"replies":[{"embeddable":true,"href":"https:\/\/zjarr.tv\/en\/wp-json\/wp\/v2\/comments?post=275113"}],"version-history":[{"count":0,"href":"https:\/\/zjarr.tv\/en\/wp-json\/wp\/v2\/posts\/275113\/revisions"}],"wp:featuredmedia":[{"embeddable":true,"href":"https:\/\/zjarr.tv\/en\/wp-json\/wp\/v2\/media\/268760"}],"wp:attachment":[{"href":"https:\/\/zjarr.tv\/en\/wp-json\/wp\/v2\/media?parent=275113"}],"wp:term":[{"taxonomy":"category","embeddable":true,"href":"https:\/\/zjarr.tv\/en\/wp-json\/wp\/v2\/categories?post=275113"},{"taxonomy":"post_tag","embeddable":true,"href":"https:\/\/zjarr.tv\/en\/wp-json\/wp\/v2\/tags?post=275113"}],"curies":[{"name":"wp","href":"https:\/\/api.w.org\/{rel}","templated":true}]}}