{"id":279221,"date":"2022-08-22T11:46:12","date_gmt":"2022-08-22T09:46:12","guid":{"rendered":"https:\/\/zjarr.tv\/?p=279221"},"modified":"2022-08-22T11:46:12","modified_gmt":"2022-08-22T09:46:12","slug":"boci-lumi-shkumbin-mes-plehrave-te-inceneratorit-korruptiv-dhe-inerteve-zaptuese","status":"publish","type":"post","link":"https:\/\/zjarr.tv\/en\/boci-lumi-shkumbin-mes-plehrave-te-inceneratorit-korruptiv-dhe-inerteve-zaptuese\/","title":{"rendered":"Bo\u00e7i: Lumi Shkumbin, mes plehrave t\u00eb inceneratorit korruptiv dhe inerteve zaptuese!"},"content":{"rendered":"<p>Incenerator\u00ebt si nj\u00eb mal korrupsioni, i b\u00ebjn\u00eb hije lumit Shkumbin t\u00eb mposhtur nga mbetjet inete\u00a0si n\u00eb pamjet e m\u00ebposhtme, sjell\u00eb nga deputeti demokrat Lu\u00e7iano Bo\u00e7i sot. N\u00eb nj\u00eb sh\u00ebnim n\u00eb Fb, Bo\u00e7i v\u00eb alarmin p\u00ebr masakr\u00ebn mjedisore n\u00eb Elbasan q\u00eb nuk ka t\u00eb sosur.<\/p>\n<p>\u201cLumi Shkumbin, n\u00eb pjes\u00ebn e tij n\u00eb af\u00ebrsi t\u00eb Shirgjanit, &#8211; tregon deputeti i PD, &#8211; \u00a0n\u00eb nj\u00eb an\u00eb ka malin e plehrave t\u00eb inceneratorit korruptiv, ku p\u00ebrzihen gjithfar\u00eb mbetjesh, pa asnj\u00eb ndarje n\u00eb burim dhe selektim dhe mbi t\u00eb gjitha \u201ci pag\u00ebzuar\u201d p\u00ebrsip\u00ebr me hiret kancerogjene t\u00eb vet\u00eb inceneratorit \u2013 kurse nga ana tjet\u00ebr, k\u00ebrc\u00ebnohet haptazi nga mbetjet inerte q\u00eb hidhen aty pa asnj\u00eb ndalim e kufizim dhe po ngushtojn\u00eb shtratin e tij e po kufizojn\u00eb tok\u00ebn bujq\u00ebsore.\u00a0N\u00eb k\u00ebt\u00eb an\u00eb ndodh dhe \u201cincenerimi\u201d natyral i mbetjeve plastike t\u00eb operator\u00ebve nd\u00ebrtues\u00eb.<\/p>\n<p>Alarmi vjen nga banor\u00ebt e zon\u00ebs, t\u00eb cil\u00ebt jan\u00eb t\u00eb shqet\u00ebsuar p\u00ebr pasurin\u00eb ujore dhe at\u00eb tok\u00ebsore, e cila po g\u00ebrryhet \u00e7do dit\u00eb e m\u00eb shum\u00eb dhe askush nga pushtetet nuk e v\u00eb ujin n\u00eb zjarr p\u00ebr k\u00ebt\u00eb situat\u00eb.<\/p>\n<p>Pamjet jan\u00eb apokaliptike dhe rr\u00ebzojn\u00eb \u00e7do propagand\u00eb, duke nxjerr\u00eb n\u00eb pah miliardat e grabitura \u201cn\u00eb mes t\u00eb plehrave\u201d nga Rama dhe koncesionet e tij\u201d thekson Lu\u00e7iano Bo\u00e7i.<\/p>","protected":false},"excerpt":{"rendered":"<p>Incenerator\u00ebt si nj\u00eb mal korrupsioni, i b\u00ebjn\u00eb hije lumit Shkumbin t\u00eb mposhtur nga mbetjet inete\u00a0si n\u00eb pamjet e m\u00ebposhtme, sjell\u00eb nga deputeti demokrat Lu\u00e7iano Bo\u00e7i sot. N\u00eb nj\u00eb sh\u00ebnim n\u00eb Fb, Bo\u00e7i v\u00eb alarmin p\u00ebr masakr\u00ebn mjedisore n\u00eb Elbasan q\u00eb nuk ka t\u00eb sosur. \u201cLumi Shkumbin, n\u00eb pjes\u00ebn e tij n\u00eb af\u00ebrsi t\u00eb Shirgjanit, &#8211; [&hellip;]<\/p>\n","protected":false},"author":2037,"featured_media":279225,"comment_status":"closed","ping_status":"closed","sticky":false,"template":"","format":"standard","meta":{"footnotes":""},"categories":[241,364,231],"tags":[],"class_list":{"0":"post-279221","1":"post","2":"type-post","3":"status-publish","4":"format-standard","5":"has-post-thumbnail","7":"category-aktualitet","8":"category-koment-opinion","9":"category-lajme"},"_links":{"self":[{"href":"https:\/\/zjarr.tv\/en\/wp-json\/wp\/v2\/posts\/279221","targetHints":{"allow":["GET"]}}],"collection":[{"href":"https:\/\/zjarr.tv\/en\/wp-json\/wp\/v2\/posts"}],"about":[{"href":"https:\/\/zjarr.tv\/en\/wp-json\/wp\/v2\/types\/post"}],"author":[{"embeddable":true,"href":"https:\/\/zjarr.tv\/en\/wp-json\/wp\/v2\/users\/2037"}],"replies":[{"embeddable":true,"href":"https:\/\/zjarr.tv\/en\/wp-json\/wp\/v2\/comments?post=279221"}],"version-history":[{"count":0,"href":"https:\/\/zjarr.tv\/en\/wp-json\/wp\/v2\/posts\/279221\/revisions"}],"wp:featuredmedia":[{"embeddable":true,"href":"https:\/\/zjarr.tv\/en\/wp-json\/wp\/v2\/media\/279225"}],"wp:attachment":[{"href":"https:\/\/zjarr.tv\/en\/wp-json\/wp\/v2\/media?parent=279221"}],"wp:term":[{"taxonomy":"category","embeddable":true,"href":"https:\/\/zjarr.tv\/en\/wp-json\/wp\/v2\/categories?post=279221"},{"taxonomy":"post_tag","embeddable":true,"href":"https:\/\/zjarr.tv\/en\/wp-json\/wp\/v2\/tags?post=279221"}],"curies":[{"name":"wp","href":"https:\/\/api.w.org\/{rel}","templated":true}]}}