{"id":279285,"date":"2022-08-22T14:57:36","date_gmt":"2022-08-22T12:57:36","guid":{"rendered":"https:\/\/zjarr.tv\/?p=279285"},"modified":"2022-08-22T14:57:36","modified_gmt":"2022-08-22T12:57:36","slug":"informacione-qe-lidhen-me-sigurine-kombetare-gazetarja-tregon-mesazhet-qe-u-gjeten-ne-celularet-e-ruseve-dhe-ukrainasit-si-leviznin-nga-tirana","status":"publish","type":"post","link":"https:\/\/zjarr.tv\/en\/informacione-qe-lidhen-me-sigurine-kombetare-gazetarja-tregon-mesazhet-qe-u-gjeten-ne-celularet-e-ruseve-dhe-ukrainasit-si-leviznin-nga-tirana\/","title":{"rendered":"\u201cInformacione q\u00eb lidhen me sigurin\u00eb komb\u00ebtare\u201d- Gazetarja tregon mesazhet q\u00eb u gjet\u00ebn n\u00eb celular\u00ebt e rus\u00ebve dhe ukrainasit: Si l\u00ebviznin nga Tirana\u2026"},"content":{"rendered":"<p>N\u00eb celular\u00ebt e rus\u00ebve dhe ukrainasit t\u00eb ndaluar n\u00eb Gramsh dy dit\u00eb m\u00eb par\u00eb jan\u00eb gjetur informacione q\u00eb kan\u00eb lidhje me sigurin\u00eb komb\u00ebtare.<\/p>\n<p>K\u00ebshtu ka deklaruar gazetarja Klodiana Lala dit\u00ebn e sotme n\u00eb News 24. Ajo tha se tre t\u00eb rinjt\u00eb kan\u00eb hyr\u00eb n\u00eb Shqip\u00ebri t\u00eb ndar\u00eb dhe jan\u00eb bashkuar n\u00eb Tiran\u00eb ku kan\u00eb q\u00ebndruar p\u00ebr disa dit\u00eb n\u00eb ambiente t\u00eb ndryshme me qira.<\/p>\n<p><em>\u201cAta kan\u00eb mb\u00ebrritur nga tre pika t\u00eb ndryshme t\u00eb kalimit kufitar. Shtetasi ukrainas ka ardhur nga Porti i Durr\u00ebsit. Vajza ka ardhur p\u00ebrmes Rinasit nd\u00ebrsa rusi tjet\u00ebr ka ardhur p\u00ebrmes Muriqanit. Automjeti \u00ebsht\u00eb i regjistruar n\u00eb vitin 2018 n\u00eb Kharkiv. \u00cbsht\u00eb aksidentuar dhe m\u00eb pas \u00ebsht\u00eb bler\u00eb nga 25-vje\u00e7ari ukrainas. Kan\u00eb q\u00ebndruar p\u00ebr disa dit\u00eb n\u00eb Tiran\u00eb me qira ditore. B\u00ebhet fjal\u00eb p\u00ebr nj\u00eb \u00e7\u00ebshtje serioze dhe komplekse.<\/em><\/p>\n<p><em>Sipas grupit t\u00eb hetimit fakti q\u00eb kan\u00eb hyr\u00eb nga pika t\u00eb ndryshme kufitare ngre dyshime. Jan\u00eb bashkuar n\u00eb Tiran\u00eb. N\u00eb telefonat e tyre celular\u00eb jan\u00eb gjetur komunikime me shtetas t\u00eb huaj ku kan\u00eb shk\u00ebmbyer informacione q\u00eb lidhen me sigurin\u00eb komb\u00ebtare. Jan\u00eb tradhtuar nga aparat\u00ebt fotografik\u00eb. Nuk kan\u00eb pasur vet\u00ebm pamje t\u00eb uzin\u00ebs s\u00eb Gramshit por edhe t\u00eb disa veprave energjetike n\u00eb Shqip\u00ebri q\u00eb konsiderohen vepra me r\u00ebnd\u00ebsi t\u00eb ve\u00e7ant\u00eb ndaj t\u00eb cilave mund t\u00eb b\u00ebhen sabotazh. Pik\u00ebpyetje \u00ebsht\u00eb se cili \u00ebsht\u00eb q\u00ebllimi\u201d,<\/em>\u00a0u shpreh Lala.<\/p>\n<p>Ajo theksoi se uzina n\u00eb Gramsh \u00ebsht\u00eb n\u00eb gjendje mjaft t\u00eb amortizuar nd\u00ebrsa tabela q\u00eb tregon objektin \u00ebsht\u00eb e ndryshkur.\u00a0<em>\u201cUzina n\u00eb Gramsh sot nuk prodhon asgj\u00eb. Demontimi \u00ebsht\u00eb n\u00eb nj\u00eb sasi shum\u00eb t\u00eb vog\u00ebl. E dyta po t\u00eb shkoje n\u00eb Gramsh, aty \u00ebsht\u00eb shkat\u00ebrruar dhe kemi nj\u00eb vep\u00ebr q\u00eb nuk thot\u00eb asgj\u00eb. Edhe tabela q\u00eb tregon q\u00eb kemi t\u00eb b\u00ebjm\u00eb me baz\u00eb ushtarake \u00ebsht\u00eb e ndryshkur\u201d,<\/em>\u00a0tha ajo.<\/p>","protected":false},"excerpt":{"rendered":"<p>N\u00eb celular\u00ebt e rus\u00ebve dhe ukrainasit t\u00eb ndaluar n\u00eb Gramsh dy dit\u00eb m\u00eb par\u00eb jan\u00eb gjetur informacione q\u00eb kan\u00eb lidhje me sigurin\u00eb komb\u00ebtare. K\u00ebshtu ka deklaruar gazetarja Klodiana Lala dit\u00ebn e sotme n\u00eb News 24. Ajo tha se tre t\u00eb rinjt\u00eb kan\u00eb hyr\u00eb n\u00eb Shqip\u00ebri t\u00eb ndar\u00eb dhe jan\u00eb bashkuar n\u00eb Tiran\u00eb ku kan\u00eb q\u00ebndruar [&hellip;]<\/p>\n","protected":false},"author":2020,"featured_media":279286,"comment_status":"closed","ping_status":"closed","sticky":false,"template":"","format":"standard","meta":{"footnotes":""},"categories":[241,5380,231],"tags":[],"class_list":{"0":"post-279285","1":"post","2":"type-post","3":"status-publish","4":"format-standard","5":"has-post-thumbnail","7":"category-aktualitet","8":"category-kryesore","9":"category-lajme"},"_links":{"self":[{"href":"https:\/\/zjarr.tv\/en\/wp-json\/wp\/v2\/posts\/279285","targetHints":{"allow":["GET"]}}],"collection":[{"href":"https:\/\/zjarr.tv\/en\/wp-json\/wp\/v2\/posts"}],"about":[{"href":"https:\/\/zjarr.tv\/en\/wp-json\/wp\/v2\/types\/post"}],"author":[{"embeddable":true,"href":"https:\/\/zjarr.tv\/en\/wp-json\/wp\/v2\/users\/2020"}],"replies":[{"embeddable":true,"href":"https:\/\/zjarr.tv\/en\/wp-json\/wp\/v2\/comments?post=279285"}],"version-history":[{"count":0,"href":"https:\/\/zjarr.tv\/en\/wp-json\/wp\/v2\/posts\/279285\/revisions"}],"wp:featuredmedia":[{"embeddable":true,"href":"https:\/\/zjarr.tv\/en\/wp-json\/wp\/v2\/media\/279286"}],"wp:attachment":[{"href":"https:\/\/zjarr.tv\/en\/wp-json\/wp\/v2\/media?parent=279285"}],"wp:term":[{"taxonomy":"category","embeddable":true,"href":"https:\/\/zjarr.tv\/en\/wp-json\/wp\/v2\/categories?post=279285"},{"taxonomy":"post_tag","embeddable":true,"href":"https:\/\/zjarr.tv\/en\/wp-json\/wp\/v2\/tags?post=279285"}],"curies":[{"name":"wp","href":"https:\/\/api.w.org\/{rel}","templated":true}]}}