{"id":279289,"date":"2022-08-22T15:15:41","date_gmt":"2022-08-22T13:15:41","guid":{"rendered":"https:\/\/zjarr.tv\/?p=279289"},"modified":"2022-08-22T15:15:41","modified_gmt":"2022-08-22T13:15:41","slug":"skandali-me-inceneratoret-pd-zoto-mertiri-gugallja-shperblehen-me-80-mije-euro-ne-dite-rama-spak-dhe-policia-ndeshkojne-te-mjeret-e-shqiperise","status":"publish","type":"post","link":"https:\/\/zjarr.tv\/en\/skandali-me-inceneratoret-pd-zoto-mertiri-gugallja-shperblehen-me-80-mije-euro-ne-dite-rama-spak-dhe-policia-ndeshkojne-te-mjeret-e-shqiperise\/","title":{"rendered":"Skandali me incenerator\u00ebt\/ PD: Zoto-M\u00ebrtiri-Gugallja shp\u00ebrblehen me 80 mij\u00eb euro n\u00eb dit\u00eb. Rama, SPAK dhe policia nd\u00ebshkojn\u00eb t\u00eb mjer\u00ebt e Shqip\u00ebris\u00eb"},"content":{"rendered":"<p>PD n\u00eb vijim t\u00eb denoncimeve p\u00ebr skandalin me incenerator\u00ebt ka akuzuar sot kryeministrin Edi Rama, SPAK-un dhe policin\u00eb se nd\u00ebshkojn\u00eb t\u00eb mjer\u00ebt e Shqip\u00ebris\u00eb, nd\u00ebrsa \u201cZoto-M\u00ebrtiri-Gugallja shp\u00ebrblehen me 80 mij\u00eb euro n\u00eb dit\u00eb\u201d.<\/p>\n<p>Deputeti i Partis\u00eb Demokratike, Belind K\u00eblli\u00e7i tha n\u00eb nj\u00eb deklarat\u00eb p\u00ebr mediat se edhe pse \u201ckompania Integrated \u201cTechnology Services\u201d ka \u2018qethur e rruar\u2019 qindra miliona euro t\u00eb taksapaguesve shqiptar\u00eb, nuk i ka hyr\u00eb gjemb n\u00eb k\u00ebmb\u00eb. Madje Zoto-M\u00ebrtiri-Gugallja shp\u00ebrblehen p\u00ebr k\u00ebt\u00eb vjedhje me 80 mij\u00eb euro n\u00eb dit\u00eb.<\/p>\n<p>Kur burgoset berberi se qethi pa TVSh, po \u2018berber\u00ebt\u2019 q\u00eb rruajn\u00eb miliona dhe sekser\u00ebt q\u00eb l\u00ebvizin parat\u00eb e Edi Ram\u00ebs, pse nuk preken?<\/p>\n<p>Kush po i mbron dhe kush i jep garanci Zotos \u2013 Gugalles \u2013 M\u00ebrtirit?\u201d, tha nder te tjera K\u00eblli\u00e7i.<\/p>\n<p>Deklarat\u00eb e deputetit t\u00eb Partis\u00eb Demokratike, Belind K\u00eblli\u00e7i<\/p>\n<ol>\n<li>\u00c7. nj\u00eb 42 vje\u00e7ar nga Kuk\u00ebsi, u arrestua n\u00eb shtator 2015 pasi transportonte disa vi\u00e7a p\u00ebr t\u00eb cil\u00ebt nuk kishte fatur\u00eb tatimore.<\/li>\n<\/ol>\n<p>Berberi T. H., nga Tirana, po n\u00eb shtator 2015, u arrestua se nuk l\u00ebshonte kupon tatimor pasi qethte apo rruante klient\u00ebt.<\/p>\n<p>N\u00eb disa qindra raste qytetar\u00ebt shqiptar\u00eb jan\u00eb arrestuar apo nd\u00ebshkuar p\u00ebr \u2018mustaqet e \u00c7elos\u2019, pra p\u00ebr shkelje minimale.<\/p>\n<p>Po i vodhe shtetit t\u00eb Rilindjes 10 lek\u00eb p\u00ebr nj\u00eb qethje, t\u00eb hedhin prangat, po p\u00ebrfitove qindra miliona euro nuk t\u00eb gjen gj\u00eb, dhe drejt\u00ebsia vepron \u2018kur t\u00eb qethen vi\u00e7at\u2019.<\/p>\n<p>Ky \u00ebsht\u00eb standardi i Edi Ram\u00ebs s\u00eb incenerator\u00ebve dhe drejt\u00ebsis\u00eb s\u00eb reformuar, e cila me polici kap gjith\u00eb t\u00eb mjer\u00ebt e Shqip\u00ebris\u00eb, kurse me SPAK nuk kap asgj\u00eb.<\/p>\n<p>N\u00ebse doni nj\u00eb shembull, arrogant e flagrant bashk\u00eb, keni inceneratorin e Tiran\u00ebs.<\/p>\n<p>Edhe pse kompania Integrated \u201cTechnology Services\u201d ka \u2018qethur e rruar\u2019 qindra miliona euro t\u00eb taksapaguesve shqiptar\u00eb, nuk i ka hyr\u00eb gjemb n\u00eb k\u00ebmb\u00eb. Madje Zoto-M\u00ebrtiri-Gugallja shp\u00ebrblehen p\u00ebr k\u00ebt\u00eb vjedhje me 80 mij\u00eb euro n\u00eb dit\u00eb.<\/p>\n<p>Ne jemi t\u00eb habitur me k\u00ebt\u00eb standard dhe duam t\u00eb b\u00ebjm\u00eb 5 pyetje t\u00eb thjeshta dhe sqaruese:<\/p>\n<ol>\n<li>Kur burgoset berberi se qethi pa TVSh, po \u2018berber\u00ebt\u2019 q\u00eb rruajn\u00eb miliona dhe sekser\u00ebt q\u00eb l\u00ebvizin parat\u00eb e Edi Ram\u00ebs, pse nuk preken?<\/li>\n<li>Kush po i mbron dhe kush i jep garanci Zotos \u2013 Gugalles \u2013 M\u00ebrtirit?<\/li>\n<li>Kush vijon t\u2019u \u00e7oj\u00eb milionat n\u00eb arrati?<\/li>\n<li>Pse k\u00ebshtu, kur dihet q\u00eb inceneratori, p\u00ebr t\u00eb cil\u00ebn jan\u00eb dh\u00ebn\u00eb parat\u00eb, nuk ekziston?<\/li>\n<li>A mund t\u00eb ket\u00eb arsye tjet\u00ebr p\u00ebrve\u00e7 faktit se ndajn\u00eb parat\u00eb bashk\u00eb?<\/li>\n<\/ol>\n<p>Ky \u00ebsht\u00eb standardi dhe rekordi n\u00eb padrejt\u00ebsi i qeveris\u00eb Rama.<\/p>\n<p>Drejt\u00ebsia duhet t\u00eb b\u00ebnte detyr\u00ebn, duke u d\u00ebshmuar shqiptar\u00ebve se korrupsioni nd\u00ebshkohet, si kur e b\u00ebn berberi i lagjes, ashtu edhe shpura e kryeministrit.<\/p>","protected":false},"excerpt":{"rendered":"<p>PD n\u00eb vijim t\u00eb denoncimeve p\u00ebr skandalin me incenerator\u00ebt ka akuzuar sot kryeministrin Edi Rama, SPAK-un dhe policin\u00eb se nd\u00ebshkojn\u00eb t\u00eb mjer\u00ebt e Shqip\u00ebris\u00eb, nd\u00ebrsa \u201cZoto-M\u00ebrtiri-Gugallja shp\u00ebrblehen me 80 mij\u00eb euro n\u00eb dit\u00eb\u201d. Deputeti i Partis\u00eb Demokratike, Belind K\u00eblli\u00e7i tha n\u00eb nj\u00eb deklarat\u00eb p\u00ebr mediat se edhe pse \u201ckompania Integrated \u201cTechnology Services\u201d ka \u2018qethur e [&hellip;]<\/p>\n","protected":false},"author":2020,"featured_media":279290,"comment_status":"closed","ping_status":"closed","sticky":false,"template":"","format":"standard","meta":{"footnotes":""},"categories":[241,5380,231],"tags":[],"class_list":{"0":"post-279289","1":"post","2":"type-post","3":"status-publish","4":"format-standard","5":"has-post-thumbnail","7":"category-aktualitet","8":"category-kryesore","9":"category-lajme"},"_links":{"self":[{"href":"https:\/\/zjarr.tv\/en\/wp-json\/wp\/v2\/posts\/279289","targetHints":{"allow":["GET"]}}],"collection":[{"href":"https:\/\/zjarr.tv\/en\/wp-json\/wp\/v2\/posts"}],"about":[{"href":"https:\/\/zjarr.tv\/en\/wp-json\/wp\/v2\/types\/post"}],"author":[{"embeddable":true,"href":"https:\/\/zjarr.tv\/en\/wp-json\/wp\/v2\/users\/2020"}],"replies":[{"embeddable":true,"href":"https:\/\/zjarr.tv\/en\/wp-json\/wp\/v2\/comments?post=279289"}],"version-history":[{"count":0,"href":"https:\/\/zjarr.tv\/en\/wp-json\/wp\/v2\/posts\/279289\/revisions"}],"wp:featuredmedia":[{"embeddable":true,"href":"https:\/\/zjarr.tv\/en\/wp-json\/wp\/v2\/media\/279290"}],"wp:attachment":[{"href":"https:\/\/zjarr.tv\/en\/wp-json\/wp\/v2\/media?parent=279289"}],"wp:term":[{"taxonomy":"category","embeddable":true,"href":"https:\/\/zjarr.tv\/en\/wp-json\/wp\/v2\/categories?post=279289"},{"taxonomy":"post_tag","embeddable":true,"href":"https:\/\/zjarr.tv\/en\/wp-json\/wp\/v2\/tags?post=279289"}],"curies":[{"name":"wp","href":"https:\/\/api.w.org\/{rel}","templated":true}]}}