{"id":279300,"date":"2022-08-22T15:56:19","date_gmt":"2022-08-22T13:56:19","guid":{"rendered":"https:\/\/zjarr.tv\/?p=279300"},"modified":"2022-08-22T15:56:19","modified_gmt":"2022-08-22T13:56:19","slug":"shkolla-e-re-leke-gjiknuri-veliaj-ia-rikthejme-qytetareve-te-njesise-8-do-te-zgjidhe-perfundimisht-mesimin-me-dy-turne","status":"publish","type":"post","link":"https:\/\/zjarr.tv\/en\/shkolla-e-re-leke-gjiknuri-veliaj-ia-rikthejme-qytetareve-te-njesise-8-do-te-zgjidhe-perfundimisht-mesimin-me-dy-turne\/","title":{"rendered":"Shkolla e re \u201cLek\u00eb Gjiknuri\u201d, Veliaj: Ia rikthejm\u00eb qytetar\u00ebve t\u00eb Nj\u00ebsis\u00eb 8, do t\u00eb zgjidh\u00eb p\u00ebrfundimisht m\u00ebsimin me dy turne"},"content":{"rendered":"<p>Nj\u00eb shkoll\u00eb e re p\u00ebr nx\u00ebn\u00ebsit e Nj\u00ebsis\u00eb 8 do t\u00eb \u00e7el\u00eb dyert k\u00ebt\u00eb vit shkollor. Shkolla \u201cLek\u00eb Gjiknuri\u201d ka t\u00eb nj\u00ebjt\u00ebn cil\u00ebsi si 40 nd\u00ebrtesat e reja arsimore t\u00eb nd\u00ebrtuara n\u00eb Tiran\u00eb, 12 prej t\u00eb cilave hapen n\u00eb shtator. Kreu i Bashkis\u00eb s\u00eb Tiran\u00ebs, Erion Veliaj, falenderoi k\u00ebdo q\u00eb punoi n\u00eb temperatura rekord k\u00ebt\u00eb ver\u00eb dhe u shpreh i k\u00ebnaqur q\u00eb kjo hap\u00ebsir\u00eb, ku dikur ishin vendosur zyrat e UKT-s\u00eb, sot i rikthehet qytetar\u00ebve n\u00eb form\u00ebn e nj\u00eb shkolle moderne.<\/p>\n<p>&#8216;Falenderoj t\u00eb gjith\u00eb koleg\u00ebt q\u00eb e kan\u00eb kaluar gushtin duke punuar n\u00eb kantieret e shkollave, ose me shum\u00eb shi, ose me temperatura 40 grad\u00eb. E vler\u00ebsoj jasht\u00eb mase, duke filluar nga drejtuesit e punimeve, te sip\u00ebrmarr\u00ebsit e deri te pun\u00ebtori m\u00eb i thjesht\u00eb sepse besoj se secili prej nesh \u00ebsht\u00eb thirrur t\u00eb b\u00ebj\u00eb nj\u00eb pun\u00eb, por n\u00ebse e b\u00ebn pak m\u00eb shpejt, n\u00ebse e b\u00ebn pak m\u00eb mir\u00eb, sigurisht merr urat\u00ebn dhe fal\u00ebnderimet e komunitetit\u201d, tha Veliaj.<\/p>\n<p>Ai shtoi se godina q\u00eb sot po rikthehet n\u00eb funksion t\u00eb nx\u00ebn\u00ebsve si shkoll\u00eb, nga administrata e kaluar n\u00eb bashkia ishte dh\u00ebn\u00eb p\u00ebr zyrat e Uj\u00ebsjell\u00ebsit. \u201cKjo \u00ebsht\u00eb nj\u00eb nga shkollat q\u00eb filloi me vones\u00eb p\u00ebr \u00e7\u00ebshtje t\u00eb pron\u00ebsis\u00eb dhe nj\u00eb anomalie q\u00eb trash\u00ebguam, pasi ishte nisur si shkoll\u00eb dhe ishte kthyer n\u00eb godin\u00eb uj\u00ebsjell\u00ebsi, ku vinin mjete q\u00eb s\u2019kishin vend n\u00eb zem\u00ebr t\u00eb Tiran\u00ebs. Sot Uj\u00ebsjell\u00ebsi \u00ebsht\u00eb zhvendosur n\u00eb periferi, kurse k\u00ebt\u00eb hap\u00ebsir\u00eb ia kemi rikthyer qytetar\u00ebve t\u00eb Nj\u00ebsis\u00eb 8\u201d, u shpreh Veliaj.<\/p>\n<p>Kryebashkiaku tha se kjo shkoll\u00eb do t\u00eb zgjidh\u00eb p\u00ebrfundimisht m\u00ebsimin me dy turne edhe n\u00eb k\u00ebt\u00eb nj\u00ebsi t\u00eb Tiran\u00ebs. \u201c\u00cbsht\u00eb nj\u00eb bizhu e vog\u00ebl \u2013 jo nj\u00eb nga shkollat masive q\u00eb kemi b\u00ebr\u00eb n\u00eb zonat e reja t\u00eb Tiran\u00ebs me nga 10 mij\u00eb m2 e me kapacitet 1500 nx\u00ebn\u00ebs, si \u201cSami Frash\u00ebri\u201d, \u201cN\u00ebn\u00eb Tereza\u201d apo \u201cKennedy\u201d te kthesa e Kamz\u00ebs \u2013 por \u00ebsht\u00eb nj\u00eb shkoll\u00eb e p\u00ebrmasave t\u00eb vogla, kryesisht p\u00ebr t\u00eb akomoduar t\u00eb gjith\u00eb f\u00ebmij\u00ebt dhe banor\u00ebt e \u201cMedreses\u00eb\u201d, Rr. \u201cMuhamet Malo\u201d, Rr. \u201cBesim Daja\u201d dhe zon\u00ebs q\u00eb lidh \u201cMedresen\u00eb\u201d me \u201cRrug\u00ebn e Dibr\u00ebs\u201d nga nj\u00ebra an\u00eb, dhe me unaz\u00ebn n\u00eb an\u00ebn tjet\u00ebr,\u201d u shpreh ai.<\/p>\n<p>Referuar reshjeve t\u00eb dendura t\u00eb dit\u00ebve t\u00eb fundit, Veliaj kishte nj\u00eb mesazh edhe p\u00eb rata politikan\u00eb q\u00eb mezi prisnin t\u00eb binte shi n\u00eb Tiran\u00eb: \u201cJav\u00ebn e kaluar ishte p\u00ebrmbytur Firence, Lioni, edhe qytetet n\u00eb Angli e Gjermani, ndaj nuk ka nevoj\u00eb p\u00ebr histeri. Shiu bie, do kulloj\u00eb. T\u00eb till\u00eb klim\u00eb kemi tani, kur shiu bie i gjithi brenda nj\u00eb ore, ndaj s\u2019ka nevoj\u00eb t\u00eb panikoset njeri pse u lag\u00ebn makinat. E kam fjal\u00ebn sidomos p\u00ebr k\u00ebta fansat tan\u00eb politik\u00eb, t\u00eb cil\u00ebt e kishin mund\u00ebsin\u00eb, mund t\u2019i kishin b\u00ebr\u00eb t\u00eb gjitha k\u00ebto investime, por s\u2019i b\u00ebn\u00eb. Kush \u00ebsht\u00eb qytetar i pjekur dhe shikon se n\u00eb t\u00eb gjith\u00eb bot\u00ebn po p\u00ebrballemi me t\u00eb nj\u00ebjtat situata, do duhet t\u00eb na mir\u00ebkuptoj\u00eb\u201d, deklaroi ai.<\/p>","protected":false},"excerpt":{"rendered":"<p>Nj\u00eb shkoll\u00eb e re p\u00ebr nx\u00ebn\u00ebsit e Nj\u00ebsis\u00eb 8 do t\u00eb \u00e7el\u00eb dyert k\u00ebt\u00eb vit shkollor. Shkolla \u201cLek\u00eb Gjiknuri\u201d ka t\u00eb nj\u00ebjt\u00ebn cil\u00ebsi si 40 nd\u00ebrtesat e reja arsimore t\u00eb nd\u00ebrtuara n\u00eb Tiran\u00eb, 12 prej t\u00eb cilave hapen n\u00eb shtator. Kreu i Bashkis\u00eb s\u00eb Tiran\u00ebs, Erion Veliaj, falenderoi k\u00ebdo q\u00eb punoi n\u00eb temperatura rekord k\u00ebt\u00eb [&hellip;]<\/p>\n","protected":false},"author":2020,"featured_media":279305,"comment_status":"closed","ping_status":"closed","sticky":false,"template":"","format":"standard","meta":{"footnotes":""},"categories":[241,5380,231],"tags":[],"class_list":{"0":"post-279300","1":"post","2":"type-post","3":"status-publish","4":"format-standard","5":"has-post-thumbnail","7":"category-aktualitet","8":"category-kryesore","9":"category-lajme"},"_links":{"self":[{"href":"https:\/\/zjarr.tv\/en\/wp-json\/wp\/v2\/posts\/279300","targetHints":{"allow":["GET"]}}],"collection":[{"href":"https:\/\/zjarr.tv\/en\/wp-json\/wp\/v2\/posts"}],"about":[{"href":"https:\/\/zjarr.tv\/en\/wp-json\/wp\/v2\/types\/post"}],"author":[{"embeddable":true,"href":"https:\/\/zjarr.tv\/en\/wp-json\/wp\/v2\/users\/2020"}],"replies":[{"embeddable":true,"href":"https:\/\/zjarr.tv\/en\/wp-json\/wp\/v2\/comments?post=279300"}],"version-history":[{"count":0,"href":"https:\/\/zjarr.tv\/en\/wp-json\/wp\/v2\/posts\/279300\/revisions"}],"wp:featuredmedia":[{"embeddable":true,"href":"https:\/\/zjarr.tv\/en\/wp-json\/wp\/v2\/media\/279305"}],"wp:attachment":[{"href":"https:\/\/zjarr.tv\/en\/wp-json\/wp\/v2\/media?parent=279300"}],"wp:term":[{"taxonomy":"category","embeddable":true,"href":"https:\/\/zjarr.tv\/en\/wp-json\/wp\/v2\/categories?post=279300"},{"taxonomy":"post_tag","embeddable":true,"href":"https:\/\/zjarr.tv\/en\/wp-json\/wp\/v2\/tags?post=279300"}],"curies":[{"name":"wp","href":"https:\/\/api.w.org\/{rel}","templated":true}]}}