{"id":279310,"date":"2022-08-22T16:08:01","date_gmt":"2022-08-22T14:08:01","guid":{"rendered":"https:\/\/zjarr.tv\/?p=279310"},"modified":"2022-08-22T16:08:01","modified_gmt":"2022-08-22T14:08:01","slug":"ilir-meta-ndan-foton-me-familjen-nga-mali-i-shenjte-i-tomorrit-lutje-te-pranuara-dhe-mbaresi-per-besimtaret-abaz-aliu-ju-ndihmofte","status":"publish","type":"post","link":"https:\/\/zjarr.tv\/en\/ilir-meta-ndan-foton-me-familjen-nga-mali-i-shenjte-i-tomorrit-lutje-te-pranuara-dhe-mbaresi-per-besimtaret-abaz-aliu-ju-ndihmofte\/","title":{"rendered":"Ilir Meta ndan foton me familjen nga mali i shenjt\u00eb i Tomorrit: Lutje t\u00eb pranuara dhe mbar\u00ebsi p\u00ebr besimtar\u00ebt! Abaz Aliu ju ndihmoft\u00eb\u2026"},"content":{"rendered":"<p>Kryetari i Partis\u00eb s\u00eb Liris\u00eb Ilir Meta ka ndar\u00eb foto bashk\u00eb me familjen nga mali i Tomorrit.<\/p>\n<p>Meta uron lutje t\u00eb pranuara, sh\u00ebndet dhe mbar\u00ebsi p\u00ebr t\u00eb gjith\u00eb besimtar\u00ebt n\u00eb malin e shenjt\u00eb t\u00eb Tomorrit.<\/p>\n<p>Statusi i Ilir Met\u00ebs<\/p>\n<p>\u201cAbaz Aliu zu\u2019 Tomorr,<\/p>\n<p>Erdhi af\u00ebr nesh,<\/p>\n<p>Shqip\u00ebria s\u2019mbet e gjor\u00eb\u201d<\/p>\n<p>Se Zoti e desh\u201d.<\/p>\n<p>Lutje t\u00eb pranuara, sh\u00ebndet t\u00eb mir\u00eb dhe mbar\u00ebsi p\u00ebr t\u00eb gjith\u00eb besimtar\u00ebt dhe pelegrin\u00ebt n\u00eb malin e shenjt\u00eb t\u00eb Tomorrit.<\/p>\n<p>Abaz Aliu ju ndihmoft\u00eb ju dhe familjet tuaja!<\/p>","protected":false},"excerpt":{"rendered":"<p>Kryetari i Partis\u00eb s\u00eb Liris\u00eb Ilir Meta ka ndar\u00eb foto bashk\u00eb me familjen nga mali i Tomorrit. Meta uron lutje t\u00eb pranuara, sh\u00ebndet dhe mbar\u00ebsi p\u00ebr t\u00eb gjith\u00eb besimtar\u00ebt n\u00eb malin e shenjt\u00eb t\u00eb Tomorrit. Statusi i Ilir Met\u00ebs \u201cAbaz Aliu zu\u2019 Tomorr, Erdhi af\u00ebr nesh, Shqip\u00ebria s\u2019mbet e gjor\u00eb\u201d Se Zoti e desh\u201d. Lutje [&hellip;]<\/p>\n","protected":false},"author":2020,"featured_media":279311,"comment_status":"closed","ping_status":"closed","sticky":false,"template":"","format":"standard","meta":{"footnotes":""},"categories":[241,5380,231],"tags":[],"class_list":{"0":"post-279310","1":"post","2":"type-post","3":"status-publish","4":"format-standard","5":"has-post-thumbnail","7":"category-aktualitet","8":"category-kryesore","9":"category-lajme"},"_links":{"self":[{"href":"https:\/\/zjarr.tv\/en\/wp-json\/wp\/v2\/posts\/279310","targetHints":{"allow":["GET"]}}],"collection":[{"href":"https:\/\/zjarr.tv\/en\/wp-json\/wp\/v2\/posts"}],"about":[{"href":"https:\/\/zjarr.tv\/en\/wp-json\/wp\/v2\/types\/post"}],"author":[{"embeddable":true,"href":"https:\/\/zjarr.tv\/en\/wp-json\/wp\/v2\/users\/2020"}],"replies":[{"embeddable":true,"href":"https:\/\/zjarr.tv\/en\/wp-json\/wp\/v2\/comments?post=279310"}],"version-history":[{"count":0,"href":"https:\/\/zjarr.tv\/en\/wp-json\/wp\/v2\/posts\/279310\/revisions"}],"wp:featuredmedia":[{"embeddable":true,"href":"https:\/\/zjarr.tv\/en\/wp-json\/wp\/v2\/media\/279311"}],"wp:attachment":[{"href":"https:\/\/zjarr.tv\/en\/wp-json\/wp\/v2\/media?parent=279310"}],"wp:term":[{"taxonomy":"category","embeddable":true,"href":"https:\/\/zjarr.tv\/en\/wp-json\/wp\/v2\/categories?post=279310"},{"taxonomy":"post_tag","embeddable":true,"href":"https:\/\/zjarr.tv\/en\/wp-json\/wp\/v2\/tags?post=279310"}],"curies":[{"name":"wp","href":"https:\/\/api.w.org\/{rel}","templated":true}]}}