{"id":279908,"date":"2022-08-25T15:38:37","date_gmt":"2022-08-25T13:38:37","guid":{"rendered":"https:\/\/zjarr.tv\/?p=279908"},"modified":"2022-08-25T15:38:37","modified_gmt":"2022-08-25T13:38:37","slug":"u-larguan-nga-vendlindja-pas-ardhjes-se-talebaneve-ne-pushtet-qeveria-shtyn-me-6-muaj-afatin-e-strehimit-te-afganeve-ne-shqiperi","status":"publish","type":"post","link":"https:\/\/zjarr.tv\/en\/u-larguan-nga-vendlindja-pas-ardhjes-se-talebaneve-ne-pushtet-qeveria-shtyn-me-6-muaj-afatin-e-strehimit-te-afganeve-ne-shqiperi\/","title":{"rendered":"U larguan nga vendlindja pas ardhjes s\u00eb taleban\u00ebve n\u00eb pushtet, qeveria shtyn me 6 muaj afatin e strehimit t\u00eb afgan\u00ebve n\u00eb Shqip\u00ebri"},"content":{"rendered":"<p>Qeveria ka vendosur t\u00eb shtyj\u00eb me 6 muaj afatin e q\u00ebndrimit t\u00eb shtetasve afgan\u00eb t\u00eb cil\u00ebt jan\u00eb strehuar n\u00eb Shqip\u00ebri, q\u00eb pas marrjes s\u00eb pushtetit nga taleban\u00ebt n\u00eb Afganistan.<\/p>\n<p>Vendimi \u00ebsht\u00eb marr\u00eb k\u00ebt\u00eb t\u00eb enjte gjat\u00eb mbledhjes s\u00eb K\u00ebshillit t\u00eb Ministrave teksa hyn n\u00eb fuqi menj\u00ebher\u00eb.<\/p>\n<p><strong>***VENDIM***<\/strong><\/p>\n<p>P\u00cbR NJ\u00cb SHTES\u00cb N\u00cb VENDIMIN NR.501, DAT\u00cb 25.8.2021, T\u00cb K\u00cbSHILLIT T\u00cb MINISTRAVE, \u201cP\u00cbR DH\u00cbNIEN E MBROJTJES S\u00cb P\u00cbRKOHSHME SHTETASVE AFGAN\u00cb DHE PERSONAVE PA SHTET\u00cbSI, ME VENDQ\u00cbNDRIM T\u00cb P\u00cbRKOHSH\u00cbM OSE T\u00cb P\u00cbRHERSH\u00cbM N\u00cb REPUBLIK\u00cbN ISLAMIKE T\u00cb AFGANISTANIT, DHE P\u00cbR KRIJIMIN E TASK-FORC\u00cbS P\u00cbR MENAXHIMIN E FLUKSIT T\u00cb K\u00cbRKUESVE T\u00cb MBROJTJES ND\u00cbRKOMB\u00cbTARE\u201d<\/p>\n<p>N\u00eb mb\u00ebshtetje t\u00eb nenit 100 t\u00eb Kushtetut\u00ebs dhe t\u00eb nenit 82, t\u00eb ligjit nr.10\/2021, \u201cP\u00ebr azilin n\u00eb Republik\u00ebn e Shqip\u00ebris\u00eb\u201d, me propozimin e ministrit t\u00eb Brendsh\u00ebm dhe t\u00eb ministrit p\u00ebr Evrop\u00ebn dhe Pun\u00ebt e Jashtme, K\u00ebshilli i Ministrave<\/p>\n<p><strong>V E N D O S I:<\/strong><\/p>\n<ol>\n<li>Pas pik\u00ebs 2, t\u00eb vendimit nr.501, dat\u00eb 25.8.2021, t\u00eb K\u00ebshillit t\u00eb Ministrave, shtohet pika 2\/1, me k\u00ebt\u00eb p\u00ebrmbajtje:\u00a0 \u201c<em>2\/1. Me p\u00ebrfundimin e afatit t\u00eb p\u00ebrcaktuar n\u00eb pik\u00ebn 2, t\u00eb k\u00ebtij vendimi, personave, q\u00eb ndodhen ende n\u00eb territorin e Republik\u00ebs s\u00eb Shqip\u00ebris\u00eb, u shtyhet q\u00ebndrimi dhe me 6 (gjasht\u00eb) muaj t\u00eb tjer\u00eb.\u201d<\/em><\/li>\n<\/ol>\n<ol start=\"2\">\n<li>Ngarkohen Ministria e Brendshme, Ministria p\u00ebr Evrop\u00ebn dhe Pun\u00ebt e Jashtme, Ministria e Sh\u00ebndet\u00ebsis\u00eb dhe Mbrojtjes Sociale, Ministria e Mbrojtjes, Ministria e Arsimit dhe Sportit, Ministria e Drejt\u00ebsis\u00eb, Ministria e Turizmit dhe Mjedisit dhe Ministria e Financave dhe Ekonomis\u00eb p\u00ebr zbatimin e k\u00ebtij vendimi.<\/li>\n<li>Ky vendim hyn n\u00eb fuqi menj\u00ebher\u00eb dhe botohet n\u00eb \u201cFletoren zyrtare\u201d.<\/li>\n<\/ol>\n<p>Burimi: Panorama.al<\/p>","protected":false},"excerpt":{"rendered":"<p>Qeveria ka vendosur t\u00eb shtyj\u00eb me 6 muaj afatin e q\u00ebndrimit t\u00eb shtetasve afgan\u00eb t\u00eb cil\u00ebt jan\u00eb strehuar n\u00eb Shqip\u00ebri, q\u00eb pas marrjes s\u00eb pushtetit nga taleban\u00ebt n\u00eb Afganistan. Vendimi \u00ebsht\u00eb marr\u00eb k\u00ebt\u00eb t\u00eb enjte gjat\u00eb mbledhjes s\u00eb K\u00ebshillit t\u00eb Ministrave teksa hyn n\u00eb fuqi menj\u00ebher\u00eb. ***VENDIM*** P\u00cbR NJ\u00cb SHTES\u00cb N\u00cb VENDIMIN NR.501, DAT\u00cb 25.8.2021, [&hellip;]<\/p>\n","protected":false},"author":2037,"featured_media":279909,"comment_status":"closed","ping_status":"closed","sticky":false,"template":"","format":"standard","meta":{"footnotes":""},"categories":[241,231],"tags":[],"class_list":{"0":"post-279908","1":"post","2":"type-post","3":"status-publish","4":"format-standard","5":"has-post-thumbnail","7":"category-aktualitet","8":"category-lajme"},"_links":{"self":[{"href":"https:\/\/zjarr.tv\/en\/wp-json\/wp\/v2\/posts\/279908","targetHints":{"allow":["GET"]}}],"collection":[{"href":"https:\/\/zjarr.tv\/en\/wp-json\/wp\/v2\/posts"}],"about":[{"href":"https:\/\/zjarr.tv\/en\/wp-json\/wp\/v2\/types\/post"}],"author":[{"embeddable":true,"href":"https:\/\/zjarr.tv\/en\/wp-json\/wp\/v2\/users\/2037"}],"replies":[{"embeddable":true,"href":"https:\/\/zjarr.tv\/en\/wp-json\/wp\/v2\/comments?post=279908"}],"version-history":[{"count":0,"href":"https:\/\/zjarr.tv\/en\/wp-json\/wp\/v2\/posts\/279908\/revisions"}],"wp:featuredmedia":[{"embeddable":true,"href":"https:\/\/zjarr.tv\/en\/wp-json\/wp\/v2\/media\/279909"}],"wp:attachment":[{"href":"https:\/\/zjarr.tv\/en\/wp-json\/wp\/v2\/media?parent=279908"}],"wp:term":[{"taxonomy":"category","embeddable":true,"href":"https:\/\/zjarr.tv\/en\/wp-json\/wp\/v2\/categories?post=279908"},{"taxonomy":"post_tag","embeddable":true,"href":"https:\/\/zjarr.tv\/en\/wp-json\/wp\/v2\/tags?post=279908"}],"curies":[{"name":"wp","href":"https:\/\/api.w.org\/{rel}","templated":true}]}}