{"id":280278,"date":"2022-08-27T21:18:04","date_gmt":"2022-08-27T19:18:04","guid":{"rendered":"https:\/\/zjarr.tv\/?p=280278"},"modified":"2022-08-27T21:18:04","modified_gmt":"2022-08-27T19:18:04","slug":"rama-pershendet-arritjen-e-marreveshjes-kosove-serbi-te-mos-humbet-kohe-me-gjera-thjeshtesisht-kaq-logjike-sa-kjo","status":"publish","type":"post","link":"https:\/\/zjarr.tv\/en\/rama-pershendet-arritjen-e-marreveshjes-kosove-serbi-te-mos-humbet-kohe-me-gjera-thjeshtesisht-kaq-logjike-sa-kjo\/","title":{"rendered":"Rama p\u00ebrsh\u00ebndet arritjen e marr\u00ebveshjes Kosov\u00eb-Serbi: T\u00eb mos humbet koh\u00eb me gj\u00ebra thjesht\u00ebsisht kaq logjike sa kjo"},"content":{"rendered":"<p>Kryeministri Edi Rama ka p\u00ebrsh\u00ebndetur marr\u00ebveshjen e arritur mes Kosov\u00ebs dhe Serbis\u00eb p\u00ebr l\u00ebvizjen e lir\u00eb, pas negociatave t\u00eb udh\u00ebhequra nga zyrtar\u00ebt e lart\u00eb t\u00eb BE dhe SHBA.<\/p>\n<p>Rama thot\u00eb se shpreson q\u00eb ky zhvillim ta \u00e7oj\u00eb dialogun mes dy vendeve n\u00eb nj\u00eb nivel t\u00eb ri.<\/p>\n<p>\u201cLajm i bukur zgjidhja me dialog e \u00e7\u00ebshtjes s\u00eb l\u00ebvizjes s\u00eb lir\u00eb mes Serbis\u00eb e Kosov\u00ebs, e bashk\u00eb me urimet p\u00ebr t\u00eb dy pal\u00ebt uroj q\u00eb ky zhvillim ta \u00e7oj\u00eb dialogun n\u00eb nj\u00eb nivel t\u00eb ri, p\u00ebr t\u00eb mos humbur koh\u00eb dhe energji pafund n\u00eb arritjen e gj\u00ebrave kaq thjesht\u00ebsisht logjike sa kjo sot\u201d, shkruan Rama n\u00eb Twitter.<\/p>","protected":false},"excerpt":{"rendered":"<p>Kryeministri Edi Rama ka p\u00ebrsh\u00ebndetur marr\u00ebveshjen e arritur mes Kosov\u00ebs dhe Serbis\u00eb p\u00ebr l\u00ebvizjen e lir\u00eb, pas negociatave t\u00eb udh\u00ebhequra nga zyrtar\u00ebt e lart\u00eb t\u00eb BE dhe SHBA. Rama thot\u00eb se shpreson q\u00eb ky zhvillim ta \u00e7oj\u00eb dialogun mes dy vendeve n\u00eb nj\u00eb nivel t\u00eb ri. \u201cLajm i bukur zgjidhja me dialog e \u00e7\u00ebshtjes s\u00eb [&hellip;]<\/p>\n","protected":false},"author":2031,"featured_media":210436,"comment_status":"closed","ping_status":"closed","sticky":false,"template":"","format":"standard","meta":{"footnotes":""},"categories":[241,231,235],"tags":[],"class_list":{"0":"post-280278","1":"post","2":"type-post","3":"status-publish","4":"format-standard","5":"has-post-thumbnail","7":"category-aktualitet","8":"category-lajme","9":"category-vendi"},"_links":{"self":[{"href":"https:\/\/zjarr.tv\/en\/wp-json\/wp\/v2\/posts\/280278","targetHints":{"allow":["GET"]}}],"collection":[{"href":"https:\/\/zjarr.tv\/en\/wp-json\/wp\/v2\/posts"}],"about":[{"href":"https:\/\/zjarr.tv\/en\/wp-json\/wp\/v2\/types\/post"}],"author":[{"embeddable":true,"href":"https:\/\/zjarr.tv\/en\/wp-json\/wp\/v2\/users\/2031"}],"replies":[{"embeddable":true,"href":"https:\/\/zjarr.tv\/en\/wp-json\/wp\/v2\/comments?post=280278"}],"version-history":[{"count":0,"href":"https:\/\/zjarr.tv\/en\/wp-json\/wp\/v2\/posts\/280278\/revisions"}],"wp:featuredmedia":[{"embeddable":true,"href":"https:\/\/zjarr.tv\/en\/wp-json\/wp\/v2\/media\/210436"}],"wp:attachment":[{"href":"https:\/\/zjarr.tv\/en\/wp-json\/wp\/v2\/media?parent=280278"}],"wp:term":[{"taxonomy":"category","embeddable":true,"href":"https:\/\/zjarr.tv\/en\/wp-json\/wp\/v2\/categories?post=280278"},{"taxonomy":"post_tag","embeddable":true,"href":"https:\/\/zjarr.tv\/en\/wp-json\/wp\/v2\/tags?post=280278"}],"curies":[{"name":"wp","href":"https:\/\/api.w.org\/{rel}","templated":true}]}}