{"id":280491,"date":"2022-08-29T14:19:01","date_gmt":"2022-08-29T12:19:01","guid":{"rendered":"https:\/\/zjarr.tv\/?p=280491"},"modified":"2022-08-29T14:19:01","modified_gmt":"2022-08-29T12:19:01","slug":"nga-edvin-e-beri-edi-vasili-i-vetmi-qe-ka-bere-mashtrim-me-gjeneralitetet-eshte-kryeministri","status":"publish","type":"post","link":"https:\/\/zjarr.tv\/en\/nga-edvin-e-beri-edi-vasili-i-vetmi-qe-ka-bere-mashtrim-me-gjeneralitetet-eshte-kryeministri\/","title":{"rendered":"\u2018Nga Edvin e b\u00ebri Edi\u2019, Vasili: I vetmi q\u00eb ka b\u00ebr\u00eb mashtrim me gjeneralitetet \u00ebsht\u00eb kryeministri"},"content":{"rendered":"<p>Deputeti Petrit Vasili, n\u00eb nj\u00eb konferenc\u00eb p\u00ebr mediat nga Partia e Liris\u00eb, pohoi n\u00eb krah t\u00eb kryetarit t\u00eb k\u00ebsaj force, se i vetmi q\u00eb ka b\u00ebr\u00eb mashtrim me gjeneralitetet \u00ebsht\u00eb kryeministri Edi Rama.<\/p>\n<p>Sipas Vasilit, ish-ministri i Kultur\u00ebs dhe ish-kryebashkiaku i Tiran\u00ebs, n\u00eb 2002, aktualisht kryeminist\u00ebr, ka b\u00ebr\u00eb ndryshim t\u00eb emrit na Edvin Rama n\u00eb Edi Rama.<\/p>\n<p>\u201cKemi nj\u00eb rast interesat. Kemi dekrete t\u00eb presidentit, p\u00ebr em\u00ebrimin e ish-ministrit t\u00eb Kultur\u00ebs dhe em\u00ebrimin e tij si kryetar bashkie. N\u00eb 2002 Edi Rama ka nd\u00ebrruar emrin nga Edvin n\u00eb Edi Rama. I vetmi njeri q\u00eb kemi me k\u00ebt\u00eb problem, t\u00eb mashtrimit me gjeneralitetet, \u00ebsht\u00eb rasti tipik q\u00eb \u00ebsht\u00eb Edi Rama. Ky duhet t\u00eb ishte nj\u00eb shqet\u00ebsim i madh. Ai ka mbajtur poste me r\u00ebnd\u00ebsi. K\u00ebtu duhet t\u00eb nis\u00eb ky problem.\u201d, tha Vasili.<\/p>","protected":false},"excerpt":{"rendered":"<p>Deputeti Petrit Vasili, n\u00eb nj\u00eb konferenc\u00eb p\u00ebr mediat nga Partia e Liris\u00eb, pohoi n\u00eb krah t\u00eb kryetarit t\u00eb k\u00ebsaj force, se i vetmi q\u00eb ka b\u00ebr\u00eb mashtrim me gjeneralitetet \u00ebsht\u00eb kryeministri Edi Rama. Sipas Vasilit, ish-ministri i Kultur\u00ebs dhe ish-kryebashkiaku i Tiran\u00ebs, n\u00eb 2002, aktualisht kryeminist\u00ebr, ka b\u00ebr\u00eb ndryshim t\u00eb emrit na Edvin Rama n\u00eb [&hellip;]<\/p>\n","protected":false},"author":2030,"featured_media":280494,"comment_status":"closed","ping_status":"closed","sticky":false,"template":"","format":"standard","meta":{"footnotes":""},"categories":[241,3366,5380,231,1454],"tags":[],"class_list":{"0":"post-280491","1":"post","2":"type-post","3":"status-publish","4":"format-standard","5":"has-post-thumbnail","7":"category-aktualitet","8":"category-koment","9":"category-kryesore","10":"category-lajme","11":"category-politike"},"_links":{"self":[{"href":"https:\/\/zjarr.tv\/en\/wp-json\/wp\/v2\/posts\/280491","targetHints":{"allow":["GET"]}}],"collection":[{"href":"https:\/\/zjarr.tv\/en\/wp-json\/wp\/v2\/posts"}],"about":[{"href":"https:\/\/zjarr.tv\/en\/wp-json\/wp\/v2\/types\/post"}],"author":[{"embeddable":true,"href":"https:\/\/zjarr.tv\/en\/wp-json\/wp\/v2\/users\/2030"}],"replies":[{"embeddable":true,"href":"https:\/\/zjarr.tv\/en\/wp-json\/wp\/v2\/comments?post=280491"}],"version-history":[{"count":0,"href":"https:\/\/zjarr.tv\/en\/wp-json\/wp\/v2\/posts\/280491\/revisions"}],"wp:featuredmedia":[{"embeddable":true,"href":"https:\/\/zjarr.tv\/en\/wp-json\/wp\/v2\/media\/280494"}],"wp:attachment":[{"href":"https:\/\/zjarr.tv\/en\/wp-json\/wp\/v2\/media?parent=280491"}],"wp:term":[{"taxonomy":"category","embeddable":true,"href":"https:\/\/zjarr.tv\/en\/wp-json\/wp\/v2\/categories?post=280491"},{"taxonomy":"post_tag","embeddable":true,"href":"https:\/\/zjarr.tv\/en\/wp-json\/wp\/v2\/tags?post=280491"}],"curies":[{"name":"wp","href":"https:\/\/api.w.org\/{rel}","templated":true}]}}