{"id":281178,"date":"2022-09-02T12:05:11","date_gmt":"2022-09-02T10:05:11","guid":{"rendered":"https:\/\/zjarr.tv\/?p=281178"},"modified":"2022-09-02T12:05:11","modified_gmt":"2022-09-02T10:05:11","slug":"ikmt-ne-prestige-resort-alibeaj-rama-dhunues-i-fjales-se-lire-duhet-transparence-i-bejme-thirrje-qeverise-te-heqe-dore","status":"publish","type":"post","link":"https:\/\/zjarr.tv\/en\/ikmt-ne-prestige-resort-alibeaj-rama-dhunues-i-fjales-se-lire-duhet-transparence-i-bejme-thirrje-qeverise-te-heqe-dore\/","title":{"rendered":"IKMT n\u00eb \u201cPrestige Resort\u201d, Alibeaj: Rama dhunues i fjal\u00ebs s\u00eb lir\u00eb! Duhet transparenc\u00eb, i b\u00ebjm\u00eb thirrje qeveris\u00eb t\u00eb heq\u00eb dor\u00eb"},"content":{"rendered":"<p>Enkelejd Alibeaj nuk i ka kursyer kritikat ndaj qeveris\u00eb Rama p\u00ebr sulmin e zhvilluar dit\u00ebn e sotme n\u00eb \u2018Prestige Resort\u201d. Alibeaj thot\u00eb se nd\u00ebrhyrja e IKMT n\u00eb resortin \u201cPrestige Restort\u201d k\u00ebrkon transparenc\u00eb t\u00eb plot\u00eb dhe t\u00eb qart\u00eb p\u00ebr arsyet si dhe p\u00ebr momentin kur n\u00eb t\u00eb ndodheshin ende pushues.<\/p>\n<p><strong>Reagimi:<\/strong><\/p>\n<p><em>Nd\u00ebrhyrja e IKMT n\u00eb resortin \u201cPrestige Restort\u201d \u00ebsht\u00eb nj\u00eb ngjarje q\u00eb k\u00ebrkon transparenc\u00eb t\u00eb plot\u00eb dhe t\u00eb qart\u00eb p\u00ebr arsyet si dhe p\u00ebr momentin kur n\u00eb t\u00eb ndodheshin ende pushues.<\/em><\/p>\n<p><em>Zbardhja e motiveve t\u00eb v\u00ebrteta t\u00eb k\u00ebtij akti t\u00eb qeveris\u00eb qart\u00ebson dhe arsyet e v\u00ebrteta t\u00eb k\u00ebsaj nd\u00ebrhyrjeje, p\u00ebrsa koh\u00eb pronari i resortit \u00ebsht\u00eb dhe drejtuesi i nj\u00eb prej mediave m\u00eb t\u00eb m\u00ebdha n\u00eb Shqip\u00ebri. Pik\u00ebrisht kjo mund t\u00eb jet\u00eb dhe zanafilla e v\u00ebrtet\u00eb e sulmit ndaj pron\u00ebs n\u00eb k\u00ebmbim t\u00eb ndryshimit t\u00eb linj\u00ebs editoriale t\u00eb medias Ne\u00ebs 24 dhe Panorama.<\/em><\/p>\n<p><em>Edi Rama \u00ebsht\u00eb tashm\u00eb i njohur bot\u00ebrisht si dhunues i fjal\u00ebs s\u00eb lir\u00eb dhe gazetar\u00ebve. Kjo e sotmja \u00ebsht\u00eb vet\u00ebm nj\u00eb akt m\u00eb shum\u00eb n\u00eb vazhd\u00ebn e presionit dhe sulmeve t\u00eb k\u00ebtyre 9 viteve ndaj medias s\u00eb lir\u00eb dhe gazetar\u00ebve.<\/em><\/p>\n<p><em>Ne d\u00ebnojm\u00eb ashp\u00ebr k\u00ebto sulme dhe i b\u00ebjm\u00eb thirrje qeveris\u00eb t\u00eb heq\u00eb dor\u00eb nga aktet q\u00eb c\u00ebnojne lirin\u00eb e medias n\u00eb Shqip\u00ebri.<\/em><\/p>","protected":false},"excerpt":{"rendered":"<p>Enkelejd Alibeaj nuk i ka kursyer kritikat ndaj qeveris\u00eb Rama p\u00ebr sulmin e zhvilluar dit\u00ebn e sotme n\u00eb \u2018Prestige Resort\u201d. Alibeaj thot\u00eb se nd\u00ebrhyrja e IKMT n\u00eb resortin \u201cPrestige Restort\u201d k\u00ebrkon transparenc\u00eb t\u00eb plot\u00eb dhe t\u00eb qart\u00eb p\u00ebr arsyet si dhe p\u00ebr momentin kur n\u00eb t\u00eb ndodheshin ende pushues. Reagimi: Nd\u00ebrhyrja e IKMT n\u00eb resortin [&hellip;]<\/p>\n","protected":false},"author":2037,"featured_media":211895,"comment_status":"closed","ping_status":"closed","sticky":false,"template":"","format":"standard","meta":{"footnotes":""},"categories":[241,364,231],"tags":[],"class_list":{"0":"post-281178","1":"post","2":"type-post","3":"status-publish","4":"format-standard","5":"has-post-thumbnail","7":"category-aktualitet","8":"category-koment-opinion","9":"category-lajme"},"_links":{"self":[{"href":"https:\/\/zjarr.tv\/en\/wp-json\/wp\/v2\/posts\/281178","targetHints":{"allow":["GET"]}}],"collection":[{"href":"https:\/\/zjarr.tv\/en\/wp-json\/wp\/v2\/posts"}],"about":[{"href":"https:\/\/zjarr.tv\/en\/wp-json\/wp\/v2\/types\/post"}],"author":[{"embeddable":true,"href":"https:\/\/zjarr.tv\/en\/wp-json\/wp\/v2\/users\/2037"}],"replies":[{"embeddable":true,"href":"https:\/\/zjarr.tv\/en\/wp-json\/wp\/v2\/comments?post=281178"}],"version-history":[{"count":0,"href":"https:\/\/zjarr.tv\/en\/wp-json\/wp\/v2\/posts\/281178\/revisions"}],"wp:featuredmedia":[{"embeddable":true,"href":"https:\/\/zjarr.tv\/en\/wp-json\/wp\/v2\/media\/211895"}],"wp:attachment":[{"href":"https:\/\/zjarr.tv\/en\/wp-json\/wp\/v2\/media?parent=281178"}],"wp:term":[{"taxonomy":"category","embeddable":true,"href":"https:\/\/zjarr.tv\/en\/wp-json\/wp\/v2\/categories?post=281178"},{"taxonomy":"post_tag","embeddable":true,"href":"https:\/\/zjarr.tv\/en\/wp-json\/wp\/v2\/tags?post=281178"}],"curies":[{"name":"wp","href":"https:\/\/api.w.org\/{rel}","templated":true}]}}