{"id":281215,"date":"2022-09-02T13:11:28","date_gmt":"2022-09-02T11:11:28","guid":{"rendered":"https:\/\/zjarr.tv\/?p=281215"},"modified":"2022-09-02T13:11:28","modified_gmt":"2022-09-02T11:11:28","slug":"berisha-ben-premtimin-jam-penduar-qe-lejova-bastet-gjate-qeverisjes-time-kur-te-vij-ne-pushtet-do-ti-ndaloj","status":"publish","type":"post","link":"https:\/\/zjarr.tv\/en\/berisha-ben-premtimin-jam-penduar-qe-lejova-bastet-gjate-qeverisjes-time-kur-te-vij-ne-pushtet-do-ti-ndaloj\/","title":{"rendered":"Berisha b\u00ebn premtimin: Jam penduar q\u00eb lejova bastet gjat\u00eb qeverisjes time, kur t\u00eb vij n\u00eb pushtet do t\u2019i ndaloj!"},"content":{"rendered":"<p>Kryetari i Partis\u00eb Demokratike, Sali Berisha, n\u00eb nj\u00eb deklarat\u00eb p\u00ebr mediat dit\u00ebn e sotme ka shprehur pendes\u00eb p\u00ebr lejimin e basteve gjat\u00eb qeverisjes s\u00eb tij.<\/p>\n<p>Teksa qeveria \u00ebsht\u00eb n\u00eb diskutime p\u00ebr lejimin e basteve sportive n\u00ebn kontrollin e shtetit, Berisha ka premtuar q\u00eb kur t\u00eb vij\u00eb ai n\u00eb qeveri nuk do ti lejoj\u00eb pasi jan\u00eb burim fatkeq\u00ebsish.<\/p>\n<p>\u201cUn\u00eb nuk jam p\u00ebr industrin\u00eb e m\u00ebkateve dhe bixhozit, jam penduar q\u00eb jan\u00eb lejuar gjat\u00eb qeverisjes sime dhe nuk do lejohen, sepse jan\u00eb burim fatkeq\u00ebsish. Tani ky i legalizon, ky q\u00eb nuk tha gj\u00eb p\u00ebr to\u201d, tha Berisha.<\/p>","protected":false},"excerpt":{"rendered":"<p>Kryetari i Partis\u00eb Demokratike, Sali Berisha, n\u00eb nj\u00eb deklarat\u00eb p\u00ebr mediat dit\u00ebn e sotme ka shprehur pendes\u00eb p\u00ebr lejimin e basteve gjat\u00eb qeverisjes s\u00eb tij. Teksa qeveria \u00ebsht\u00eb n\u00eb diskutime p\u00ebr lejimin e basteve sportive n\u00ebn kontrollin e shtetit, Berisha ka premtuar q\u00eb kur t\u00eb vij\u00eb ai n\u00eb qeveri nuk do ti lejoj\u00eb pasi jan\u00eb [&hellip;]<\/p>\n","protected":false},"author":2030,"featured_media":281218,"comment_status":"closed","ping_status":"closed","sticky":false,"template":"","format":"standard","meta":{"footnotes":""},"categories":[241,3366,5380,231,1454],"tags":[],"class_list":{"0":"post-281215","1":"post","2":"type-post","3":"status-publish","4":"format-standard","5":"has-post-thumbnail","7":"category-aktualitet","8":"category-koment","9":"category-kryesore","10":"category-lajme","11":"category-politike"},"_links":{"self":[{"href":"https:\/\/zjarr.tv\/en\/wp-json\/wp\/v2\/posts\/281215","targetHints":{"allow":["GET"]}}],"collection":[{"href":"https:\/\/zjarr.tv\/en\/wp-json\/wp\/v2\/posts"}],"about":[{"href":"https:\/\/zjarr.tv\/en\/wp-json\/wp\/v2\/types\/post"}],"author":[{"embeddable":true,"href":"https:\/\/zjarr.tv\/en\/wp-json\/wp\/v2\/users\/2030"}],"replies":[{"embeddable":true,"href":"https:\/\/zjarr.tv\/en\/wp-json\/wp\/v2\/comments?post=281215"}],"version-history":[{"count":0,"href":"https:\/\/zjarr.tv\/en\/wp-json\/wp\/v2\/posts\/281215\/revisions"}],"wp:featuredmedia":[{"embeddable":true,"href":"https:\/\/zjarr.tv\/en\/wp-json\/wp\/v2\/media\/281218"}],"wp:attachment":[{"href":"https:\/\/zjarr.tv\/en\/wp-json\/wp\/v2\/media?parent=281215"}],"wp:term":[{"taxonomy":"category","embeddable":true,"href":"https:\/\/zjarr.tv\/en\/wp-json\/wp\/v2\/categories?post=281215"},{"taxonomy":"post_tag","embeddable":true,"href":"https:\/\/zjarr.tv\/en\/wp-json\/wp\/v2\/tags?post=281215"}],"curies":[{"name":"wp","href":"https:\/\/api.w.org\/{rel}","templated":true}]}}