{"id":281251,"date":"2022-09-02T14:20:20","date_gmt":"2022-09-02T12:20:20","guid":{"rendered":"https:\/\/zjarr.tv\/?p=281251"},"modified":"2022-09-02T14:20:20","modified_gmt":"2022-09-02T12:20:20","slug":"shembjet-e-paligjshme-tek-prestige-resort-lulzim-basha-drejtesia-duhet-pa-vonese-te-veproje-ndaj-presionit-te-edi-rames-kunder-medias","status":"publish","type":"post","link":"https:\/\/zjarr.tv\/en\/shembjet-e-paligjshme-tek-prestige-resort-lulzim-basha-drejtesia-duhet-pa-vonese-te-veproje-ndaj-presionit-te-edi-rames-kunder-medias\/","title":{"rendered":"Shembjet e paligjshme tek \u2018Prestige Resort\u2019- Lulzim Basha: Drejt\u00ebsia duhet pa vones\u00eb t\u00eb veproj\u00eb ndaj presionit t\u00eb Edi Ram\u00ebs kund\u00ebr medias"},"content":{"rendered":"<p>Ish kryetari i PD, Lulzim Basha ka k\u00ebrkuar hetime p\u00ebr presionet e kryeministrit Edi Rama ndaj mediave t\u00eb Presidentit t\u00eb \u201cFokus Group\u201d, pas shembjeve t\u00eb paligjshme t\u00eb IKMT-s\u00eb k\u00ebt\u00eb t\u00eb premte n\u00eb ambientet e Prestige Resort n\u00eb Golem.<\/p>\n<p>\u201cDrejt\u00ebsia duhet pa vones\u00eb t\u00eb veproj\u00eb ndaj presionit t\u00eb ER kund\u00ebr medias\u201d, thekson Basha n\u00eb postimin n\u00eb Twitter.<\/p>\n<p>\u201cKur i sh\u00ebrben je mbi ligjin, n\u00ebse jo, ke p\u00ebrball\u00eb fadromat e tij. Me aktet e vazhdueshme p\u00ebr t\u00eb kontrolluar \u00e7do hap\u00ebsir\u00eb mediatike, ER p\u00ebrpiqet t\u00eb mbaj\u00eb n\u00eb k\u00ebmb\u00eb qeverin\u00eb m\u00eb t\u00eb korruptuar dhe t\u00eb inkriminuar.<\/p>\n<p>Drejt\u00ebsia duhet pa vones\u00eb t\u00eb veproj\u00eb ndaj presionit t\u00eb ER kund\u00ebr medias\u201d.<\/p>","protected":false},"excerpt":{"rendered":"<p>Ish kryetari i PD, Lulzim Basha ka k\u00ebrkuar hetime p\u00ebr presionet e kryeministrit Edi Rama ndaj mediave t\u00eb Presidentit t\u00eb \u201cFokus Group\u201d, pas shembjeve t\u00eb paligjshme t\u00eb IKMT-s\u00eb k\u00ebt\u00eb t\u00eb premte n\u00eb ambientet e Prestige Resort n\u00eb Golem. \u201cDrejt\u00ebsia duhet pa vones\u00eb t\u00eb veproj\u00eb ndaj presionit t\u00eb ER kund\u00ebr medias\u201d, thekson Basha n\u00eb postimin n\u00eb [&hellip;]<\/p>\n","protected":false},"author":2020,"featured_media":281256,"comment_status":"closed","ping_status":"closed","sticky":false,"template":"","format":"standard","meta":{"footnotes":""},"categories":[241,5380,231],"tags":[],"class_list":{"0":"post-281251","1":"post","2":"type-post","3":"status-publish","4":"format-standard","5":"has-post-thumbnail","7":"category-aktualitet","8":"category-kryesore","9":"category-lajme"},"_links":{"self":[{"href":"https:\/\/zjarr.tv\/en\/wp-json\/wp\/v2\/posts\/281251","targetHints":{"allow":["GET"]}}],"collection":[{"href":"https:\/\/zjarr.tv\/en\/wp-json\/wp\/v2\/posts"}],"about":[{"href":"https:\/\/zjarr.tv\/en\/wp-json\/wp\/v2\/types\/post"}],"author":[{"embeddable":true,"href":"https:\/\/zjarr.tv\/en\/wp-json\/wp\/v2\/users\/2020"}],"replies":[{"embeddable":true,"href":"https:\/\/zjarr.tv\/en\/wp-json\/wp\/v2\/comments?post=281251"}],"version-history":[{"count":0,"href":"https:\/\/zjarr.tv\/en\/wp-json\/wp\/v2\/posts\/281251\/revisions"}],"wp:featuredmedia":[{"embeddable":true,"href":"https:\/\/zjarr.tv\/en\/wp-json\/wp\/v2\/media\/281256"}],"wp:attachment":[{"href":"https:\/\/zjarr.tv\/en\/wp-json\/wp\/v2\/media?parent=281251"}],"wp:term":[{"taxonomy":"category","embeddable":true,"href":"https:\/\/zjarr.tv\/en\/wp-json\/wp\/v2\/categories?post=281251"},{"taxonomy":"post_tag","embeddable":true,"href":"https:\/\/zjarr.tv\/en\/wp-json\/wp\/v2\/tags?post=281251"}],"curies":[{"name":"wp","href":"https:\/\/api.w.org\/{rel}","templated":true}]}}