{"id":281705,"date":"2022-09-05T13:54:35","date_gmt":"2022-09-05T11:54:35","guid":{"rendered":"https:\/\/zjarr.tv\/?p=281705"},"modified":"2022-09-05T13:54:35","modified_gmt":"2022-09-05T11:54:35","slug":"akt-terrorist-tregues-i-tmerrit-te-rames-nga-mediat-ilir-meta-flet-per-sulmin-ndaj-prestige-resort-perkeqesohet-imazhi-i-vendit-liria-e-sipermarrjes-eshte-e-kercenuar","status":"publish","type":"post","link":"https:\/\/zjarr.tv\/en\/akt-terrorist-tregues-i-tmerrit-te-rames-nga-mediat-ilir-meta-flet-per-sulmin-ndaj-prestige-resort-perkeqesohet-imazhi-i-vendit-liria-e-sipermarrjes-eshte-e-kercenuar\/","title":{"rendered":"\u201cAkt terrorist, tregues i tmerrit t\u00eb Ram\u00ebs nga mediat\u201d- Ilir Meta flet p\u00ebr sulmin ndaj Prestige Resort: P\u00ebrkeq\u00ebsohet imazhi i vendit! Liria e sip\u00ebrmarrjes \u00ebsht\u00eb e k\u00ebrc\u00ebnuar"},"content":{"rendered":"<p>Kryetari i Partis\u00eb s\u00eb Liris\u00eb, Ilir Meta e ka cil\u00ebsuar akt terrorist sulmin e IKMT n\u00eb Prestige Resort n\u00eb mes t\u00eb sezonit turistik.<\/p>\n<p>Meta u shpreh se ky \u00ebsht\u00eb sulm ndaj medias dhe sip\u00ebrmarrjes s\u00eb lir\u00eb dhe p\u00ebrkeq\u00ebson akoma m\u00eb shum\u00eb imazhin e vendit ton\u00eb n\u00eb aren\u00ebn nd\u00ebrkomb\u00ebtare.<\/p>\n<p>\u201cKy \u00ebsht\u00eb nj\u00eb akt terrorist. Tregues i tmerrit q\u00eb Edi Rama ka nga mediat. \u00cbsht\u00eb nj\u00eb hakmarrje e qart\u00eb p\u00ebr vij\u00ebn editoriale ndaj k\u00ebtyre mediave.<\/p>\n<p>\u00cbsht\u00eb nj\u00eb tjet\u00ebr rekord i dhun\u00ebs q\u00eb vet\u00ebm do p\u00ebrkeq\u00ebsoj\u00eb imazhin e vendit. \u00cbsht\u00eb edhe nj\u00eb rritje p\u00ebr t\u00eb gjith\u00eb qytetar\u00ebt q\u00eb t\u00eb shporrim sa m\u00eb par\u00eb nj\u00eb regjim banditesk q\u00eb dhunon pron\u00ebn dhe b\u00ebn shantazh ndaj pron\u00ebs n\u00eb kulmin e sezonit turistik.<\/p>\n<p>Tregon shum\u00eb qart\u00eb se liria e sip\u00ebrmarrjes \u00ebsht\u00eb shum\u00eb e k\u00ebrc\u00ebnuar dhe t\u00eb gjith\u00eb duhet t\u00eb bashkohemi p\u00ebr t\u00eb fituar lirin\u00eb dhe garancit\u00eb kushtetuese e q\u00eb mbrojn\u00eb at\u00eb n\u00eb \u00e7do aspekt\u201d,\u00a0tha Meta<\/p>","protected":false},"excerpt":{"rendered":"<p>Kryetari i Partis\u00eb s\u00eb Liris\u00eb, Ilir Meta e ka cil\u00ebsuar akt terrorist sulmin e IKMT n\u00eb Prestige Resort n\u00eb mes t\u00eb sezonit turistik. Meta u shpreh se ky \u00ebsht\u00eb sulm ndaj medias dhe sip\u00ebrmarrjes s\u00eb lir\u00eb dhe p\u00ebrkeq\u00ebson akoma m\u00eb shum\u00eb imazhin e vendit ton\u00eb n\u00eb aren\u00ebn nd\u00ebrkomb\u00ebtare. \u201cKy \u00ebsht\u00eb nj\u00eb akt terrorist. Tregues i [&hellip;]<\/p>\n","protected":false},"author":2020,"featured_media":259829,"comment_status":"closed","ping_status":"closed","sticky":false,"template":"","format":"standard","meta":{"footnotes":""},"categories":[241,5380,231],"tags":[],"class_list":{"0":"post-281705","1":"post","2":"type-post","3":"status-publish","4":"format-standard","5":"has-post-thumbnail","7":"category-aktualitet","8":"category-kryesore","9":"category-lajme"},"_links":{"self":[{"href":"https:\/\/zjarr.tv\/en\/wp-json\/wp\/v2\/posts\/281705","targetHints":{"allow":["GET"]}}],"collection":[{"href":"https:\/\/zjarr.tv\/en\/wp-json\/wp\/v2\/posts"}],"about":[{"href":"https:\/\/zjarr.tv\/en\/wp-json\/wp\/v2\/types\/post"}],"author":[{"embeddable":true,"href":"https:\/\/zjarr.tv\/en\/wp-json\/wp\/v2\/users\/2020"}],"replies":[{"embeddable":true,"href":"https:\/\/zjarr.tv\/en\/wp-json\/wp\/v2\/comments?post=281705"}],"version-history":[{"count":0,"href":"https:\/\/zjarr.tv\/en\/wp-json\/wp\/v2\/posts\/281705\/revisions"}],"wp:featuredmedia":[{"embeddable":true,"href":"https:\/\/zjarr.tv\/en\/wp-json\/wp\/v2\/media\/259829"}],"wp:attachment":[{"href":"https:\/\/zjarr.tv\/en\/wp-json\/wp\/v2\/media?parent=281705"}],"wp:term":[{"taxonomy":"category","embeddable":true,"href":"https:\/\/zjarr.tv\/en\/wp-json\/wp\/v2\/categories?post=281705"},{"taxonomy":"post_tag","embeddable":true,"href":"https:\/\/zjarr.tv\/en\/wp-json\/wp\/v2\/tags?post=281705"}],"curies":[{"name":"wp","href":"https:\/\/api.w.org\/{rel}","templated":true}]}}