{"id":281873,"date":"2022-09-06T12:52:37","date_gmt":"2022-09-06T10:52:37","guid":{"rendered":"https:\/\/zjarr.tv\/?p=281873"},"modified":"2022-09-06T12:52:37","modified_gmt":"2022-09-06T10:52:37","slug":"feste-dhe-alkool-prane-xhamise-ne-bulqize-pas-denoncimit-hiqen-menjehere-tendat-kalaja-faleminderit","status":"publish","type":"post","link":"https:\/\/zjarr.tv\/en\/feste-dhe-alkool-prane-xhamise-ne-bulqize-pas-denoncimit-hiqen-menjehere-tendat-kalaja-faleminderit\/","title":{"rendered":"Fest\u00eb dhe alkool pran\u00eb Xhamis\u00eb n\u00eb Bulqiz\u00eb, pas denoncimit hiqen menj\u00ebher\u00eb tendat, Kalaja: Faleminderit!"},"content":{"rendered":"<p>Pas denoncimeve t\u00eb b\u00ebra n\u00eb rrjetet sociale p\u00ebr tendat e ngritura pran\u00eb Xhamis\u00eb n\u00eb Bulqiz\u00eb, dit\u00ebn e sotme m\u00ebsohet se ato jan\u00eb hequr.<\/p>\n<p>Ky lajm u b\u00eb me dije nga vet\u00eb Imami Ahmed Kalaja i cili falenderoi bashkin\u00eb dhe t\u00eb gjith\u00eb ata q\u00eb b\u00ebn\u00eb t\u00eb mundur heqjen e k\u00ebtyre tendave pran\u00eb Xhamis\u00eb.<\/p>\n<p>Nj\u00eb fest\u00eb tre ditore \u00ebsht\u00eb planifikuar t\u00eb mbahej n\u00eb qytetin e Bulqiz\u00ebs me muzik\u00eb dhe pije alkoolike.<\/p>\n<p>Festa \u00ebsht\u00eb caktuar t\u00eb mbahet n\u00eb parkun e qytetit p\u00ebrball\u00eb me ish-komitetin, mir\u00ebpo aty pran\u00eb ndodhet edhe Xhamia e qytetit.<\/p>\n<p>Fakti q\u00eb shum\u00eb pran\u00eb Xhamis\u00eb ishin ngritur pikat e shitjes s\u00eb birrave, shkaktoi jo pak revolt\u00eb te besimtart mysliman\u00eb.<\/p>","protected":false},"excerpt":{"rendered":"<p>Pas denoncimeve t\u00eb b\u00ebra n\u00eb rrjetet sociale p\u00ebr tendat e ngritura pran\u00eb Xhamis\u00eb n\u00eb Bulqiz\u00eb, dit\u00ebn e sotme m\u00ebsohet se ato jan\u00eb hequr. Ky lajm u b\u00eb me dije nga vet\u00eb Imami Ahmed Kalaja i cili falenderoi bashkin\u00eb dhe t\u00eb gjith\u00eb ata q\u00eb b\u00ebn\u00eb t\u00eb mundur heqjen e k\u00ebtyre tendave pran\u00eb Xhamis\u00eb. Nj\u00eb fest\u00eb tre [&hellip;]<\/p>\n","protected":false},"author":2030,"featured_media":281874,"comment_status":"closed","ping_status":"closed","sticky":false,"template":"","format":"standard","meta":{"footnotes":""},"categories":[241,3366,5380,231],"tags":[],"class_list":{"0":"post-281873","1":"post","2":"type-post","3":"status-publish","4":"format-standard","5":"has-post-thumbnail","7":"category-aktualitet","8":"category-koment","9":"category-kryesore","10":"category-lajme"},"_links":{"self":[{"href":"https:\/\/zjarr.tv\/en\/wp-json\/wp\/v2\/posts\/281873","targetHints":{"allow":["GET"]}}],"collection":[{"href":"https:\/\/zjarr.tv\/en\/wp-json\/wp\/v2\/posts"}],"about":[{"href":"https:\/\/zjarr.tv\/en\/wp-json\/wp\/v2\/types\/post"}],"author":[{"embeddable":true,"href":"https:\/\/zjarr.tv\/en\/wp-json\/wp\/v2\/users\/2030"}],"replies":[{"embeddable":true,"href":"https:\/\/zjarr.tv\/en\/wp-json\/wp\/v2\/comments?post=281873"}],"version-history":[{"count":0,"href":"https:\/\/zjarr.tv\/en\/wp-json\/wp\/v2\/posts\/281873\/revisions"}],"wp:featuredmedia":[{"embeddable":true,"href":"https:\/\/zjarr.tv\/en\/wp-json\/wp\/v2\/media\/281874"}],"wp:attachment":[{"href":"https:\/\/zjarr.tv\/en\/wp-json\/wp\/v2\/media?parent=281873"}],"wp:term":[{"taxonomy":"category","embeddable":true,"href":"https:\/\/zjarr.tv\/en\/wp-json\/wp\/v2\/categories?post=281873"},{"taxonomy":"post_tag","embeddable":true,"href":"https:\/\/zjarr.tv\/en\/wp-json\/wp\/v2\/tags?post=281873"}],"curies":[{"name":"wp","href":"https:\/\/api.w.org\/{rel}","templated":true}]}}