{"id":281904,"date":"2022-09-06T14:22:38","date_gmt":"2022-09-06T12:22:38","guid":{"rendered":"https:\/\/zjarr.tv\/?p=281904"},"modified":"2022-09-06T14:22:38","modified_gmt":"2022-09-06T12:22:38","slug":"misteri-si-vdiq-vellai-i-te-fortit-te-tiranes-dhe-roli-i-policise","status":"publish","type":"post","link":"https:\/\/zjarr.tv\/en\/misteri-si-vdiq-vellai-i-te-fortit-te-tiranes-dhe-roli-i-policise\/","title":{"rendered":"Misteri\/ Si vdiq v\u00ebllai i t\u00eb \u201cfortit\u201d t\u00eb Tiran\u00ebs dhe roli i policis\u00eb?"},"content":{"rendered":"<p>Pak dit\u00eb m\u00eb par\u00eb nd\u00ebrroi jet\u00eb Thoma Konomi. Policia njoftoi se ai u arrestua n\u00eb 20 gusht, pasi po futej me motor nga Kakavija ku sipas bluve kaloi kufirin n\u00eb m\u00ebnyr\u00eb t\u00eb paligjshme.<\/p>\n<p>\u201cKa tentuar t\u00eb largohet me shpejt\u00ebsi, duke rrezikuar jet\u00ebn e nj\u00eb punonj\u00ebsi t\u00eb kufirit\u201d theksoi policia.<\/p>\n<p>10 dit\u00eb pas ngjarjes ai u d\u00ebrgua n\u00eb Sanatorium n\u00eb Tiran\u00eb. 57-vje\u00e7ari nd\u00ebrroi jet\u00eb. Familja akuzon se policia e dhunoi.<\/p>\n<p>V\u00ebllai i viktim\u00ebs, Adi Konomi u shpreh se Thomai shkoi n\u00eb vendlindje n\u00eb fshatin Zhej t\u00eb Zagoris\u00eb n\u00eb gjendje t\u00eb r\u00ebnd\u00eb sh\u00ebndet\u00ebsore dhe \u00ebsht\u00eb shoq\u00ebruar nga bashk\u00ebfshatar\u00ebt n\u00eb spitalin e\u00a0 Gjirokastr\u00ebs e prej andej n\u00eb Sanatoriumin e Tiran\u00ebs, ku dhe ka nd\u00ebrruar jet\u00eb m\u00eb 31 gusht.<\/p>\n<p>Adi Konomi deklaroi se do t\u00eb ndjek\u00eb k\u00ebt\u00eb \u00e7\u00ebshtje ligj\u00ebrisht, duke paditur policin\u00eb e Gjirokastr\u00ebs. \u00a0Viktima, Thoma Konomi \u00ebsht\u00eb v\u00ebllai i Franc Konomit, i cili \u00ebsht\u00eb vrar\u00eb n\u00eb atentat mafioz n\u00eb Tiran\u00eb n\u00eb 2010.<\/p>\n<p>Franc Konomi ka qen\u00eb personazh i bot\u00ebs s\u00eb krimit, nj\u00eb prej t\u00eb \u201cfort\u00ebve\u201d t\u00eb Tiran\u00ebs n\u00eb vitet 1990-2000. I forti i Tiran\u00ebs u vra te sheshi \u201cAvni Rustemi\u201d tek Pazari i Ri pasi doli nga nj\u00eb lokal dhe hipi mbi automjetin e tij Mercedes dhe b\u00ebhej gati p\u00ebr t\u2019u nisur.<\/p>","protected":false},"excerpt":{"rendered":"<p>Pak dit\u00eb m\u00eb par\u00eb nd\u00ebrroi jet\u00eb Thoma Konomi. Policia njoftoi se ai u arrestua n\u00eb 20 gusht, pasi po futej me motor nga Kakavija ku sipas bluve kaloi kufirin n\u00eb m\u00ebnyr\u00eb t\u00eb paligjshme. \u201cKa tentuar t\u00eb largohet me shpejt\u00ebsi, duke rrezikuar jet\u00ebn e nj\u00eb punonj\u00ebsi t\u00eb kufirit\u201d theksoi policia. 10 dit\u00eb pas ngjarjes ai u [&hellip;]<\/p>\n","protected":false},"author":2020,"featured_media":281905,"comment_status":"closed","ping_status":"closed","sticky":false,"template":"","format":"standard","meta":{"footnotes":""},"categories":[241,231],"tags":[],"class_list":{"0":"post-281904","1":"post","2":"type-post","3":"status-publish","4":"format-standard","5":"has-post-thumbnail","7":"category-aktualitet","8":"category-lajme"},"_links":{"self":[{"href":"https:\/\/zjarr.tv\/en\/wp-json\/wp\/v2\/posts\/281904","targetHints":{"allow":["GET"]}}],"collection":[{"href":"https:\/\/zjarr.tv\/en\/wp-json\/wp\/v2\/posts"}],"about":[{"href":"https:\/\/zjarr.tv\/en\/wp-json\/wp\/v2\/types\/post"}],"author":[{"embeddable":true,"href":"https:\/\/zjarr.tv\/en\/wp-json\/wp\/v2\/users\/2020"}],"replies":[{"embeddable":true,"href":"https:\/\/zjarr.tv\/en\/wp-json\/wp\/v2\/comments?post=281904"}],"version-history":[{"count":0,"href":"https:\/\/zjarr.tv\/en\/wp-json\/wp\/v2\/posts\/281904\/revisions"}],"wp:featuredmedia":[{"embeddable":true,"href":"https:\/\/zjarr.tv\/en\/wp-json\/wp\/v2\/media\/281905"}],"wp:attachment":[{"href":"https:\/\/zjarr.tv\/en\/wp-json\/wp\/v2\/media?parent=281904"}],"wp:term":[{"taxonomy":"category","embeddable":true,"href":"https:\/\/zjarr.tv\/en\/wp-json\/wp\/v2\/categories?post=281904"},{"taxonomy":"post_tag","embeddable":true,"href":"https:\/\/zjarr.tv\/en\/wp-json\/wp\/v2\/tags?post=281904"}],"curies":[{"name":"wp","href":"https:\/\/api.w.org\/{rel}","templated":true}]}}