{"id":282199,"date":"2022-09-07T13:07:40","date_gmt":"2022-09-07T11:07:40","guid":{"rendered":"https:\/\/zjarr.tv\/?p=282199"},"modified":"2022-09-07T13:07:40","modified_gmt":"2022-09-07T11:07:40","slug":"do-kete-shkeputje-te-energjise-elektrike-pas-ores-2200-balluku-e-zbulon-neser-se-bashku-me-ramen-prezantojme-disa-masa-drastike","status":"publish","type":"post","link":"https:\/\/zjarr.tv\/en\/do-kete-shkeputje-te-energjise-elektrike-pas-ores-2200-balluku-e-zbulon-neser-se-bashku-me-ramen-prezantojme-disa-masa-drastike\/","title":{"rendered":"Do ket\u00eb shk\u00ebputje t\u00eb energjis\u00eb elektrike pas or\u00ebs 22:00? Balluku e zbulon: Nes\u00ebr s\u00eb bashku me Ram\u00ebn prezantojm\u00eb disa masa drastike"},"content":{"rendered":"<p>E pyetur mbi mund\u00ebsin\u00eb q\u00eb Shqip\u00ebria t\u00eb nd\u00ebrmarr\u00eb vendimin p\u00ebr nd\u00ebrprerjen e energjis\u00eb elektrike n\u00eb vend pas or\u00ebs 22:00, Balluku tha se di\u00e7ka e till\u00eb nuk ishte parashikuar. N\u00eb vend t\u00eb k\u00ebsaj, mninistrja e Energjis\u00eb dhe Infrastruktur\u00ebs tha se do t\u00eb nd\u00ebrpritej ndri\u00e7imi n\u00eb ambientet publike pas or\u00ebs 22:00 deri n\u00eb or\u00ebn 16:00 t\u00eb pasdites.<\/p>\n<p>Ministrja shtoi se t\u00eb nes\u00ebrmen s\u00eb bashku me kryeministrin do prezantonin paket\u00ebn e energjis\u00eb e cila sipas saj do kishte edhe disa masa drastike.<\/p>\n<p>\u201cNuk m\u00eb rezulton q\u00eb t\u00eb ket\u00eb masa p\u00ebr nd\u00ebrprerjen e energjis\u00eb pas or\u00ebs 22:00 sepse do ishte n\u00ebj mas\u00eb emergjente. Por nuk ndodh kjo, pas or\u00ebs 22 do aplikohet nd\u00ebrprerja e ndri\u00e7imit t\u00eb ambienteve publike. E ka nisur Gjermania, po e aplikojn\u00eb edhe shtete t\u00eb tjera. N\u00ebse me kryeministrin do b\u00ebjm\u00eb prezantimin e paket\u00ebs s\u00eb energjis\u00eb s\u00eb bashku me disa masa drastike q\u00eb do marrim n\u00eb vijim\u201d\u2013 tha Balluku.<\/p>","protected":false},"excerpt":{"rendered":"<p>E pyetur mbi mund\u00ebsin\u00eb q\u00eb Shqip\u00ebria t\u00eb nd\u00ebrmarr\u00eb vendimin p\u00ebr nd\u00ebrprerjen e energjis\u00eb elektrike n\u00eb vend pas or\u00ebs 22:00, Balluku tha se di\u00e7ka e till\u00eb nuk ishte parashikuar. N\u00eb vend t\u00eb k\u00ebsaj, mninistrja e Energjis\u00eb dhe Infrastruktur\u00ebs tha se do t\u00eb nd\u00ebrpritej ndri\u00e7imi n\u00eb ambientet publike pas or\u00ebs 22:00 deri n\u00eb or\u00ebn 16:00 t\u00eb pasdites. [&hellip;]<\/p>\n","protected":false},"author":2030,"featured_media":282202,"comment_status":"closed","ping_status":"closed","sticky":false,"template":"","format":"standard","meta":{"footnotes":""},"categories":[241,3366,5380,231,1454],"tags":[],"class_list":{"0":"post-282199","1":"post","2":"type-post","3":"status-publish","4":"format-standard","5":"has-post-thumbnail","7":"category-aktualitet","8":"category-koment","9":"category-kryesore","10":"category-lajme","11":"category-politike"},"_links":{"self":[{"href":"https:\/\/zjarr.tv\/en\/wp-json\/wp\/v2\/posts\/282199","targetHints":{"allow":["GET"]}}],"collection":[{"href":"https:\/\/zjarr.tv\/en\/wp-json\/wp\/v2\/posts"}],"about":[{"href":"https:\/\/zjarr.tv\/en\/wp-json\/wp\/v2\/types\/post"}],"author":[{"embeddable":true,"href":"https:\/\/zjarr.tv\/en\/wp-json\/wp\/v2\/users\/2030"}],"replies":[{"embeddable":true,"href":"https:\/\/zjarr.tv\/en\/wp-json\/wp\/v2\/comments?post=282199"}],"version-history":[{"count":0,"href":"https:\/\/zjarr.tv\/en\/wp-json\/wp\/v2\/posts\/282199\/revisions"}],"wp:featuredmedia":[{"embeddable":true,"href":"https:\/\/zjarr.tv\/en\/wp-json\/wp\/v2\/media\/282202"}],"wp:attachment":[{"href":"https:\/\/zjarr.tv\/en\/wp-json\/wp\/v2\/media?parent=282199"}],"wp:term":[{"taxonomy":"category","embeddable":true,"href":"https:\/\/zjarr.tv\/en\/wp-json\/wp\/v2\/categories?post=282199"},{"taxonomy":"post_tag","embeddable":true,"href":"https:\/\/zjarr.tv\/en\/wp-json\/wp\/v2\/tags?post=282199"}],"curies":[{"name":"wp","href":"https:\/\/api.w.org\/{rel}","templated":true}]}}