{"id":282207,"date":"2022-09-07T13:22:03","date_gmt":"2022-09-07T11:22:03","guid":{"rendered":"https:\/\/zjarr.tv\/?p=282207"},"modified":"2022-09-07T13:22:03","modified_gmt":"2022-09-07T11:22:03","slug":"meshire-per-edi-ramen-kryeminister-vane-e-vune","status":"publish","type":"post","link":"https:\/\/zjarr.tv\/en\/meshire-per-edi-ramen-kryeminister-vane-e-vune\/","title":{"rendered":"M\u00ebshir\u00eb p\u00ebr Edi Ram\u00ebn! Kryeminist\u00ebr \u201cvan\u00eb e vun\u00eb\u201d&#8230;"},"content":{"rendered":"<p>NGA XHEVAT MUSTAFA<\/p>\n<p>Gjat\u00eb 9 vjet\u00ebve t\u00eb kryeminist\u00ebrll\u00ebkut t\u00eb Edi Ram\u00ebs ka pasur shum\u00eb p\u00ebrfolje apo thashetheme, interpretime subjektive apo t\u00eb sakta, p\u00ebr veprime dhe mosveprime t\u00eb tij; p\u00ebr em\u00ebrime dhe shkarkime zv.kryeministrash, ministrash, drejtor\u00ebsh t\u00eb P\u00ebrgjithsh\u00ebm t\u00eb Policis\u00eb s\u00eb Shtetit\u2026<\/p>\n<p>Po k\u00ebshtu, edhe p\u00ebr deklarime kritike, \u201cpa dogan\u00eb\u201d apo pa vet\u00ebkontroll dhe etik\u00eb diplomatike, sidomos gjat\u00eb samiteve t\u00eb BE-s\u00eb si dhe gjat\u00eb 3 vjet\u00ebve t\u00eb fundit apo t\u00eb parat n\u00eb kuad\u00ebr t\u00eb \u201cMinishengenit ballkanik\u201d ose \u201cBallkanit t\u00eb hapur\u201d; p\u00ebr fotot shum\u00eb miq\u00ebsore dhe \u201cv\u00ebllaz\u00ebrore\u201d me Xhorxh dhe Alex Soros si dhe me Aleksand\u00ebr Vu\u00e7i\u00e7in\u2026 Apo n\u00eb Shqip\u00ebri, me Vangjush Dakon, Gjergj Luc\u00ebn\u2026 dhe disa t\u00eb tjer\u00eb \u201cinvestitor\u00eb strategjik\u00eb\u201d, ose me disa ish-ministra, ish-deputet\u00eb dhe ish-kryebashkiak\u00eb socialisto-rilindas, aktualisht n\u00ebp\u00ebr qeli burgjesh\u2026<\/p>\n<p>Duke vijuar, ai \u00ebsht\u00eb bombarduar n\u00eb media dhe rrjete sociale, n\u00eb Shqip\u00ebri, Kosov\u00eb, MV, Diaspor\u00eb, me komente mosp\u00eblqyese dhe diskredituese edhe p\u00ebr pamjen e jashtme, veshjen, modelet dhe ngjyrat e tyre, p\u00ebr syt\u00eb dhe pjes\u00ebt e n\u00ebnsyve; p\u00ebr afeksione dhe maniera t\u00eb tij, p\u00ebr kartel\u00ebn e tij mjek\u00ebsore, botuar s\u00eb pari nga \u201cgazeta e tij\u201d, dometh\u00ebn\u00eb nga \u201cTEMA\u201d e mikut t\u00eb tij, Mero Baze\u2026 M\u00eb 2 shtator 2022, Edi Rama u p\u00ebrmbyt nga komentet, kritikat, k\u00ebrc\u00ebnimet, mallkimet\u2026 p\u00ebr \u00e7ka b\u00ebri e tha n\u00eb Beograd, gati n\u00eb nj\u00eb koh\u00eb, s\u00eb bashku me siv\u00ebllan\u00eb Vu\u00e7i\u00e7 dhe n\u00ebp\u00ebrmjet fadromave tek \u201cPrestige Resort\u201d, pron\u00eb e biznesmenit t\u00eb madh shum\u00ebfushash, Irfan Hysenbellu.<\/p>\n<p>Si i lidhur qysh nga krijimi me nj\u00eb nga mediat e tij t\u00eb para, me gazet\u00ebn \u201cPanorama\u201d dhe m\u00eb von\u00eb n\u00eb \u201cGAZETA SHQIPTARE\u201d, ku n\u00eb vitet e tyre t\u00eb para kam botuar me reklamim n\u00eb f.1 rreth 300 analiza, komente, opinione, t\u00eb paguara me honorare t\u00eb mira, dhe p\u00ebr disa muaj edhe me pag\u00eb mujore t\u00eb mir\u00eb, ndjeva nj\u00eb doz\u00eb t\u00eb leht\u00eb keqardhje p\u00ebr \u00e7ka p\u00ebrjetoi ai dje. Por, kjo ka edhe t\u00eb mir\u00ebn se Irfanit, dhe, n\u00ebp\u00ebrmjet tij shumic\u00ebs s\u00eb SHQIPTAR\u00cbVE, iu dha nj\u00eb m\u00ebsim i ri apo nj\u00eb mesazh i vjet\u00ebr, q\u00eb ai duhej t\u2019i dinte mir\u00eb prej shum\u00eb vitesh m\u00eb par\u00eb. E kam fjal\u00ebn p\u00ebr faktin se k\u00ebta socialisto- rilindasit e kan\u00eb tradit\u00eb 78-vje\u00e7are t\u00eb han\u00eb buk\u00ebn e t\u00eb p\u00ebrmbysin mbi kok\u00eb kup\u00ebn.<\/p>\n<p>Po nga Beogradi, m\u00eb 2 shtator 2022, Edi Rama, m\u00eb pak dhe Vu\u00e7i\u00e7 m\u00eb shum\u00eb, u dend\u00ebn n\u00eb ver\u00ebra t\u00eb kuqe e t\u00eb bardha. Presidenti i Serbis\u00eb me perspektiv\u00eb \u201crritjeje disaform\u00ebshe\u201d, n\u00ebse \u201cBallkani i hapur\u201d marshon nga \u201cfitorja n\u00eb fitore\u201d, ka t\u00eb drejt\u00eb t\u00eb dehet nga gotat me ver\u00eb e nga g\u00ebzimi!!! Fal\u00eb \u201cv\u00ebllaz\u00ebris\u00eb\u201d me Edi Ram\u00ebn dhe \u201cbujaris\u00eb\u201d s\u00eb tij, duke mos qen\u00eb edhe i dehur, ka arritur personalisht dhe si vend nj\u00eb fitore t\u00eb re, t\u00eb pamerituar e t\u00eb papritur.<\/p>\n<p>T\u00eb dy, dometh\u00ebn\u00eb Vu\u00e7i\u00e7 dhe Rama, u shpreh\u00ebn me tone euforie dhe doza ekstazizmi se \u201cdy vendet po dhe do t\u00eb p\u00ebrjetonin nj\u00eb periudh\u00eb bashk\u00ebjetese\u2026\u201d. Duke e dashur sinqerisht q\u00eb serb\u00ebt t\u00eb heqin dor\u00eb nga tradita rreth 14-shekullore e luft\u00ebrave, pushtimeve, masakrave masive genocidiste n\u00eb trojet shqiptare, kujtesa historike nuk na lejon, q\u00eb ndryshe nga ata, t\u00eb jemi skeptik\u00eb. P\u00ebr k\u00ebt\u00eb ndihmojn\u00eb edhe zhvillimet e nj\u00eb dite m\u00eb par\u00eb.<\/p>\n<p>Nd\u00ebrsa Vu\u00e7i\u00e7 e Rama mburreshin p\u00ebr nj\u00eb projekt bashk\u00ebjetese shqiptaro-serbe, jasht\u00eb sall\u00ebs s\u00eb konkursit t\u00eb ver\u00ebrave e t\u00eb takimit, sipas nj\u00eb tradite e praktike t\u00eb hershme, m\u00eb 31 gusht, u shklyen dhe dogj\u00ebn flamur\u00eb shqiptar\u00eb??? Shum\u00ebkush nga skeptik\u00ebt mund t\u00eb pyes\u00eb: projekt bashk\u00ebjetese shqiptaro-serb, i paraprir\u00eb nga nj\u00eb konkurs ver\u00ebrash, \u201cshoq\u00ebruar\u201d me shum\u00eb lloje sallatash, \u00e7orbash, turlish, shishqebapesh, biftek\u00ebsh, b\u00ebrxollash, sallam\u00ebrash, djath\u00ebrash\u2026 ballkanike dhe v\u00ebzhguar live nga Putini n\u00eb Mosk\u00eb, n\u00ebp\u00ebrmjet kompjuterit t\u00eb tij n\u00eb kabinetin n\u00eb Kremlin, s\u00eb bashku me ndonj\u00eb mik a mike\u2026???!!!<\/p>\n<p>Po sipas skeptik\u00ebve, kjo do t\u00eb ishte thuajse nj\u00ebsoj sikur t\u00eb b\u00ebnin n\u00eb ferr nj\u00eb takim kompromisi e bashk\u00ebjetese shpirtrat e shok\u00ebve Tito dhe Enver!!! M\u00eb her\u00ebt, qysh n\u00eb dit\u00ebn e par\u00eb, pra, m\u00eb 1 shtator, n\u00eb \u201cFest\u00ebn e ver\u00ebs\u201d (Ver\u00ebrave), pa filluar akoma pirjen e tyre, Edi Rama, p\u00ebr humor dhe p\u00ebr t\u00eb fituar sa m\u00eb shum\u00eb v\u00ebmendjen dhe p\u00eblqimin e t\u00eb pranishm\u00ebve, l\u00ebshoi nj\u00eb bro\u00e7kull fyese p\u00ebr gjuh\u00ebn shqipe dhe t\u00eb gjith\u00eb shqiptar\u00ebt, duke i g\u00ebzuar serb\u00ebt, maqedonasit, rus\u00ebt, grek\u00ebt, malazez\u00ebt\u2026 e pranish\u00ebm me cil\u00ebsimin \u201cgjuh\u00eb e \u00e7uditshme\u201d.<\/p>\n<p>Nuk \u00ebsht\u00eb as e para dhe as e fundit q\u00eb del nga goja e k\u00ebtij \u201cKryeministri t\u00eb \u00e7uditsh\u00ebm\u201d p\u00ebr shum\u00eb\u00e7ka mban \u201cautor\u00ebsin\u00eb\u201d apo firm\u00ebn e tij, pra, edhe p\u00ebr humorin e trash\u00eb apo talljet me popullin, vendin, shtetin, kombin, gjuh\u00ebn\u2026 e vet. Natyrisht, nj\u00eb ish-basketbollist dhe piktor i r\u00ebndomt\u00eb mund t\u00eb b\u00ebhej Kryeminist\u00ebr vet\u00ebm n\u00eb nj\u00eb vend e nga nj\u00eb popull, prej 78 vjet\u00ebsh, t\u00eb \u00e7udirave apo \u201ct\u00eb \u00e7uditsh\u00ebm\u201d!!! Dy nga m\u00eb t\u00eb m\u00ebdhat\u00eb dhe absurdet: partishm\u00ebria majtiste dhe durimi p\u00ebrtej njer\u00ebzor, sidomos i \u201cpopullit t\u00eb majt\u00eb\u201d, p\u00ebr t\u00eb pritur 78 apo 156 vjet t\u2019i p\u00ebrjetoj\u00eb premtimet p\u00ebrralleske t\u00eb partis\u00eb s\u00eb zemr\u00ebs dhe t\u00eb kryetar\u00ebve t\u00eb tij!!!<\/p>\n<p>Si p\u00ebr t\u2019i v\u00ebn\u00eb kapakun, emrin apo vul\u00ebn, takimit t\u00eb 1-2 shtatorit 2022 n\u00eb Beograd, n\u00eb kuad\u00ebr t\u00eb \u201cBallkanit t\u00eb hapur\u201d, Presidenti serb, mes dehjes dhe euforis\u00eb, deklaroi se n\u00ebp\u00ebrmjet \u201cBallkanit t\u00eb hapur\u201d, \u201cn\u00eb k\u00ebta 3 vjet kemi marr\u00ebdh\u00ebniet m\u00eb t\u00eb shk\u00eblqyera me Shqip\u00ebrin\u00eb\u2026\u201d Duke mos ia ngr\u00ebn\u00eb hakun, Vu\u00e7i\u00e7 \u00ebsht\u00eb i sinqert\u00eb. Fal\u00eb Edi Ram\u00ebs ka rilindur \u201cdashuria\u201d, \u201cv\u00ebllaz\u00ebria\u201d, \u201cbashkimi\u201d, \u201cbashk\u00ebjetesa\u201d\u2026 t\u00eb nd\u00ebrprera m\u00eb 1948 mes shok\u00ebve Tito dhe Enver.<\/p>\n<p>Gjat\u00eb rreth 1300 viteve Kosov\u00ebs dhe Shqip\u00ebris\u00eb, nga veriu, t\u00eb gjitha t\u00eb k\u00ebqijat, rreziqet, ushtrit\u00eb pushtuese\u2026 u kan\u00eb ardh nga Serbia!!! N\u00eb t\u00eb kund\u00ebrt, Serbia nuk ka p\u00ebrjetuar, n\u00eb asnj\u00eb rast, agresione, pushtime, masakra masive genocidiste nga shqiptar\u00ebt. Edhe p\u00ebr sot e nes\u00ebr k\u00ebrc\u00ebnimet e rreziqet m\u00eb t\u00eb shumta vijn\u00eb prej saj. Takimet n\u00eb kuad\u00ebr t\u00eb \u201cBallkanit t\u00eb hapur\u201d zgjasin 2-4 dit\u00eb, marr\u00ebveshjet m\u00eb s\u00eb shumti mbeten n\u00eb let\u00ebr ose \u00e7ojn\u00eb uj\u00eb n\u00eb mullinjt\u00eb e Serbis\u00eb, nd\u00ebrsa urrejtja histerike serbe, koncentruar n\u00eb q\u00ebndrimet e pandryshuara ndaj Kosov\u00ebs, vazhdojn\u00eb p\u00ebr gjith\u00eb nj\u00eb vit e p\u00ebr shum\u00eb e shum\u00eb vite. N\u00eb k\u00ebto kushte: kujt duhet t\u2019i besojm\u00eb? Historis\u00eb, p\u00ebrjetimeve dhe realitetit fare t\u00eb fresk\u00ebt apo euforis\u00eb, \u00ebndrrave, iluzioneve, premtimeve t\u00eb pasinqerta apo tipike serbe, pompozitetit ceremonial n\u00eb aeroport, p\u00ebr pritjet e Edi Ram\u00ebs\u2026 si dhe n\u00eb mjediset e brendshme t\u00eb sall\u00ebs s\u00eb Samitit t\u00eb radh\u00ebs n\u00eb kuad\u00ebr t\u00eb \u201cBallkanit t\u00eb hapur\u201d???<\/p>\n<p>Referuar gjith\u00eb dosjes 9-vje\u00e7are me veprime dhe deklarime, me masakra apo gj\u00ebma urbanistike dhe ambientaliste, edhe mbi identitetin dhe trash\u00ebgimin\u00eb historike, tradicionale, demografike, kulturore; me eksperimente, d\u00ebshtime, skandale, me fatura tmerr\u00ebsisht t\u00eb larta korruptive\u2026 t\u00eb Edi Ram\u00ebs dhe kryeminist\u00ebrll\u00ebkut t\u00eb tij, mund t\u00eb thuhet se p\u00ebr plot SHQIPTAR\u00cb Edi Rama \u201c\u00ebsht\u00eb shqiptar sa dhe si Enveri\u201d. Dometh\u00ebn\u00eb, shqiptar me fjal\u00eb, premtime, parulla, p\u00ebrralla, parada, k\u00ebng\u00eb, valle\u2026, p\u00ebr shumic\u00ebn e popullit me barkun bosh dhe gjunj\u00ebt gati me u k\u00ebput dhe me syt\u00eb nga Per\u00ebndimi, sa m\u00eb shpejt prej k\u00ebtij vendi apo \u201cferri tok\u00ebsor\u201d me u zhduk\u2026!<\/p>\n<p>T\u00eb gjith\u00ebve atyre q\u00eb e urrejn\u00eb, p\u00ebrbuzin, mallkojn\u00eb, jo subjektivisht, jo thjesht p\u00ebr motiv politik apo partiak, pra, edhe jo pa t\u00eb drejt\u00eb Edi Ram\u00ebn, qysh kur erdhi nga trotuaret dhe koshat e plehrave t\u00eb Parisit; p\u00ebr gjith\u00e7ka ka b\u00ebr\u00eb e th\u00ebn\u00eb gjat\u00eb 13 viteve si kryebashkiak i Tiran\u00ebs dhe n\u00eb k\u00ebta 9 vjet si Kryeminist\u00ebr, me kulm \u201ct\u00eb b\u00ebrat dhe t\u00eb pab\u00ebrat\u201d, shprehjet me humor apo seriozitet, me \u201czgjuarsi\u201d apo \u201cnaivitet\u201d, n\u00eb Beograd, m\u00eb 1 dhe 2 shtator 2022, do t\u2019u k\u00ebshilloja fare shkurt: Mos ia vini re: \u00ebsht\u00eb nj\u00eb ishbasketbollist, m\u00eb shum\u00eb rezerv\u00eb apo stoli dhe nj\u00eb piktor pa\u2026 nj\u00eb kryevep\u00ebr! Kaq di e k\u00ebto b\u00ebn\u2026! Mos prisni prej tij q\u00eb t\u00eb b\u00ebj\u00eb pun\u00eb dhe veprime q\u00eb t\u2019ju l\u00ebn\u00eb pa goj\u00eb e pa\u2026mend! Pra: m\u00ebshir\u00eb p\u00ebr Edi Ram\u00ebn, kryeminist\u00ebr \u201cvan\u00eb e vun\u00eb\u201d, pa e ditur sa shum\u00eb mend k\u00ebrkon dhe do kjo pun\u00eb!<\/p>","protected":false},"excerpt":{"rendered":"<p>NGA XHEVAT MUSTAFA Gjat\u00eb 9 vjet\u00ebve t\u00eb kryeminist\u00ebrll\u00ebkut t\u00eb Edi Ram\u00ebs ka pasur shum\u00eb p\u00ebrfolje apo thashetheme, interpretime subjektive apo t\u00eb sakta, p\u00ebr veprime dhe mosveprime t\u00eb tij; p\u00ebr em\u00ebrime dhe shkarkime zv.kryeministrash, ministrash, drejtor\u00ebsh t\u00eb P\u00ebrgjithsh\u00ebm t\u00eb Policis\u00eb s\u00eb Shtetit\u2026 Po k\u00ebshtu, edhe p\u00ebr deklarime kritike, \u201cpa dogan\u00eb\u201d apo pa vet\u00ebkontroll dhe etik\u00eb diplomatike, [&hellip;]<\/p>\n","protected":false},"author":2030,"featured_media":282208,"comment_status":"closed","ping_status":"closed","sticky":false,"template":"","format":"standard","meta":{"footnotes":""},"categories":[241,3365,3366,5380,231],"tags":[],"class_list":{"0":"post-282207","1":"post","2":"type-post","3":"status-publish","4":"format-standard","5":"has-post-thumbnail","7":"category-aktualitet","8":"category-analize","9":"category-koment","10":"category-kryesore","11":"category-lajme"},"_links":{"self":[{"href":"https:\/\/zjarr.tv\/en\/wp-json\/wp\/v2\/posts\/282207","targetHints":{"allow":["GET"]}}],"collection":[{"href":"https:\/\/zjarr.tv\/en\/wp-json\/wp\/v2\/posts"}],"about":[{"href":"https:\/\/zjarr.tv\/en\/wp-json\/wp\/v2\/types\/post"}],"author":[{"embeddable":true,"href":"https:\/\/zjarr.tv\/en\/wp-json\/wp\/v2\/users\/2030"}],"replies":[{"embeddable":true,"href":"https:\/\/zjarr.tv\/en\/wp-json\/wp\/v2\/comments?post=282207"}],"version-history":[{"count":0,"href":"https:\/\/zjarr.tv\/en\/wp-json\/wp\/v2\/posts\/282207\/revisions"}],"wp:featuredmedia":[{"embeddable":true,"href":"https:\/\/zjarr.tv\/en\/wp-json\/wp\/v2\/media\/282208"}],"wp:attachment":[{"href":"https:\/\/zjarr.tv\/en\/wp-json\/wp\/v2\/media?parent=282207"}],"wp:term":[{"taxonomy":"category","embeddable":true,"href":"https:\/\/zjarr.tv\/en\/wp-json\/wp\/v2\/categories?post=282207"},{"taxonomy":"post_tag","embeddable":true,"href":"https:\/\/zjarr.tv\/en\/wp-json\/wp\/v2\/tags?post=282207"}],"curies":[{"name":"wp","href":"https:\/\/api.w.org\/{rel}","templated":true}]}}