{"id":282211,"date":"2022-09-07T13:26:26","date_gmt":"2022-09-07T11:26:26","guid":{"rendered":"https:\/\/zjarr.tv\/?p=282211"},"modified":"2022-09-07T13:26:26","modified_gmt":"2022-09-07T11:26:26","slug":"berisha-fadromat-e-ikmt-shkaterrojne-rrugen-e-kishes-ne-kepin-e-rodonit-rama-ne-rrugen-e-atit-shpirteror-enver-hoxha","status":"publish","type":"post","link":"https:\/\/zjarr.tv\/en\/berisha-fadromat-e-ikmt-shkaterrojne-rrugen-e-kishes-ne-kepin-e-rodonit-rama-ne-rrugen-e-atit-shpirteror-enver-hoxha\/","title":{"rendered":"Berisha: Fadromat e IKMT shkat\u00ebrrojn\u00eb rrug\u00ebn e Kish\u00ebs n\u00eb Kepin e Rodonit! Rama n\u00eb rrug\u00ebn e atit shpirt\u00ebror, Enver Hoxha"},"content":{"rendered":"<p>Ish-kryeministri Sali Berisha ka publikuar pamjet nga pronat e Kish\u00ebs n\u00eb Kepin e Rodonit duke publikuar edhe nj\u00eb denoncim n\u00eb rrjetet sociale.<\/p>\n<p>Berisha shkruan se Edi Rama n\u00eb rrug\u00ebn e atit t\u00eb tij shpirt\u00ebror Enver Hoxha u sulet me t\u00ebrbim pronave t\u00eb kish\u00ebs. Ai shton se bandat e qeveris\u00eb po shkat\u00ebrrojn\u00eb rrug\u00ebn e pelegrin\u00ebve p\u00ebr te Kisha e famshme e Shna Ndout.<\/p>\n<p>\u201cD\u00ebnoj me forc\u00ebn m\u00eb t\u00eb madhe vandalizmin qeveritar t\u00eb Edi Ram\u00ebs ndaj pronave t\u00eb Kish\u00ebs nga banda t\u00eb qeveris\u00eb\u201d, shkruan Berisha.<\/p>\n<p>Statusi i plot\u00eb i Sali Berish\u00ebs<\/p>\n<p>Sulme kriminale ndaj pronave t\u00eb Kish\u00ebs n\u00eb Kepin e Rodonit!<\/p>\n<p>Edi Rama, n\u00eb rrug\u00ebn e t\u00eb atit t\u00eb tij shpirt\u00ebror, Enver Hoxha, u v\u00ebrsulet me t\u00ebrbim pronave t\u00eb Kish\u00ebs. Bandat e qeveris\u00eb shkat\u00ebrrojn\u00eb rrug\u00ebn e pelegrin\u00ebve p\u00ebr te Kisha e famshme e Shna Ndout, e Kepit t\u00eb Rodonit.<\/p>\n<p>D\u00ebnoj me forc\u00ebn m\u00eb t\u00eb madhe vandalizmin qeveritar t\u00eb Edi Ram\u00ebs ndaj pronave t\u00eb Kish\u00ebs nga banda t\u00eb qeveris\u00eb.<\/p>\n<p>Lexoni mesazhin dhe shikoni videon e qytetarit dixhital. sb<\/p>\n<p>Jam Ana Shtjefni, administratorja e Kepit te Rodonit, prone e freterve te Shkodres Kjo eshte njera nga momentet kur IKMT dhe IMT e Durresit nen fushaten \u201cBregdeti yne\u201d me date 18 dhe 23 qershor 2021 nderhyjne brenda nje prone private (te Kishes katolike- urdheri i freterve minore) dhe prishin rrugen para Kishes se Shna Ndout ne Kepin e Rodonit.<\/p>\n<p>Fatkeqesisht, me gjithe perpjekjet e mija per ta bere publike ate \u00e7fare po ndodhte ato dite ne Kepin e Rodonit, te gjitha mediat u distancuan.<\/p>\n<p>Ndaj thuajse askush nuk e di qe keta kriminela kane pasur guximin dhe pafytyresine te dhunojne edhe rrugen e Kishes , me te vetmin qellim per te me luftuar mua personalisht qe t\u2019u hapej rruga per te pushtuar Kepin e Rodonit, akoma te pazaptuar nga te pangopurit Rruge e shtruar me pllaka guri ne qershor 2020 mbi te gjitha per t\u2019u mundesuar kalimin e lire, personave me aftesi te kufituar qe frekuentojne Kishen.<\/p>\n<p>Shikojeni se si ishte rruga me date 13 qershor 2021, ne festen e Shna Ndout, ku kishin ardhur mijera pelegrine per t\u2019u lutur tek Kisha\u2026<\/p>\n<p>Ja si u kthye nje jave me pas\u2026<\/p>\n<p>Ju lutem bejeni publike, kjo eshte me katastrofe se gjithcka.<\/p>\n<p>Ky populle duhet ta shohe se kete kriminela nuk ndalen para asgjeje, nuk kane asnje morale.<\/p>\n<p>\u201cRrno per me tregue\u201d thoshte at Zef Pllumi\u2026<\/p>","protected":false},"excerpt":{"rendered":"<p>Ish-kryeministri Sali Berisha ka publikuar pamjet nga pronat e Kish\u00ebs n\u00eb Kepin e Rodonit duke publikuar edhe nj\u00eb denoncim n\u00eb rrjetet sociale. Berisha shkruan se Edi Rama n\u00eb rrug\u00ebn e atit t\u00eb tij shpirt\u00ebror Enver Hoxha u sulet me t\u00ebrbim pronave t\u00eb kish\u00ebs. Ai shton se bandat e qeveris\u00eb po shkat\u00ebrrojn\u00eb rrug\u00ebn e pelegrin\u00ebve p\u00ebr [&hellip;]<\/p>\n","protected":false},"author":2030,"featured_media":282212,"comment_status":"closed","ping_status":"closed","sticky":false,"template":"","format":"standard","meta":{"footnotes":""},"categories":[241,3366,5380,231,1454],"tags":[],"class_list":{"0":"post-282211","1":"post","2":"type-post","3":"status-publish","4":"format-standard","5":"has-post-thumbnail","7":"category-aktualitet","8":"category-koment","9":"category-kryesore","10":"category-lajme","11":"category-politike"},"_links":{"self":[{"href":"https:\/\/zjarr.tv\/en\/wp-json\/wp\/v2\/posts\/282211","targetHints":{"allow":["GET"]}}],"collection":[{"href":"https:\/\/zjarr.tv\/en\/wp-json\/wp\/v2\/posts"}],"about":[{"href":"https:\/\/zjarr.tv\/en\/wp-json\/wp\/v2\/types\/post"}],"author":[{"embeddable":true,"href":"https:\/\/zjarr.tv\/en\/wp-json\/wp\/v2\/users\/2030"}],"replies":[{"embeddable":true,"href":"https:\/\/zjarr.tv\/en\/wp-json\/wp\/v2\/comments?post=282211"}],"version-history":[{"count":0,"href":"https:\/\/zjarr.tv\/en\/wp-json\/wp\/v2\/posts\/282211\/revisions"}],"wp:featuredmedia":[{"embeddable":true,"href":"https:\/\/zjarr.tv\/en\/wp-json\/wp\/v2\/media\/282212"}],"wp:attachment":[{"href":"https:\/\/zjarr.tv\/en\/wp-json\/wp\/v2\/media?parent=282211"}],"wp:term":[{"taxonomy":"category","embeddable":true,"href":"https:\/\/zjarr.tv\/en\/wp-json\/wp\/v2\/categories?post=282211"},{"taxonomy":"post_tag","embeddable":true,"href":"https:\/\/zjarr.tv\/en\/wp-json\/wp\/v2\/tags?post=282211"}],"curies":[{"name":"wp","href":"https:\/\/api.w.org\/{rel}","templated":true}]}}