{"id":282218,"date":"2022-09-07T13:32:30","date_gmt":"2022-09-07T11:32:30","guid":{"rendered":"https:\/\/zjarr.tv\/?p=282218"},"modified":"2022-09-07T13:32:30","modified_gmt":"2022-09-07T11:32:30","slug":"niko-peleshi-do-ndertojme-floten-ajrore-me-helikopteret-me-te-mire-ne-bote","status":"publish","type":"post","link":"https:\/\/zjarr.tv\/en\/niko-peleshi-do-ndertojme-floten-ajrore-me-helikopteret-me-te-mire-ne-bote\/","title":{"rendered":"Niko Peleshi: Do nd\u00ebrtojm\u00eb flot\u00ebn ajrore me helikopter\u00ebt m\u00eb t\u00eb mir\u00eb n\u00eb bot\u00eb!"},"content":{"rendered":"<p>Dit\u00ebn e sotme n\u00eb ceremonin\u00eb e diplomimit t\u00eb 11 pilot\u00ebve t\u00eb rinj ushtarak\u00eb t\u00eb Forc\u00ebs Ajrore ishte i pranish\u00ebm edhe ministri i Mbrojtjes Niko Peleshi.<\/p>\n<p>Ai e cil\u00ebsoi k\u00ebt\u00eb nj\u00eb d\u00ebshmi t\u00eb se rritjes dhe fuqizimit t\u00eb Forc\u00ebs Ajrore pjes\u00eb e FA, t\u00eb Republik\u00ebs s\u00eb Shqip\u00ebris\u00eb.<\/p>\n<p>Peleshi deklaroi se FA por realizon zhvillime historike p\u00ebr sa i p\u00ebrket pasurimit t\u00eb teknik\u00ebs ajrore. Ai shtoi se nisur nga viti i ardhsh\u00ebm Shqip\u00ebria do t\u00eb nis\u00eb me nd\u00ebrtimin e nj\u00eb flote ajrore me helikopter\u00ebt m\u00eb t\u00eb mir\u00eb n\u00eb bot\u00eb.<\/p>\n<p>\u201cFA \u00ebsht\u00eb duke realizuar disa projekte historike. Baza e par\u00eb taktike ajrore e NATO-s, baza e Ku\u00e7ov\u00ebs \u00ebsht\u00eb tani n\u00eb nd\u00ebrtim e sip\u00ebr dhe ky \u00ebsht\u00eb nj\u00eb zhvillim historik. N\u00eb komponentin e pasurimit t\u00eb teknik\u00ebs ajrore, p\u00ebrs\u00ebri jemi n\u00eb momente historike, sepse duke filluar nga viti q\u00eb vjen ne do t\u00eb nisim nd\u00ebrtimin e flot\u00ebs ajrore me helikopter\u00ebt Blackhawk.<\/p>\n<p>Dy helikopter\u00ebt e par\u00eb do t\u00eb vijn\u00eb vitin q\u00eb vjen dhe m\u00eb pas ky num\u00ebr do t\u00eb shtohet drejt konsolidimit dhe krijimit t\u00eb nj\u00eb flote t\u00eb v\u00ebrtet\u00eb ajrore me helikopter\u00ebt m\u00eb t\u00eb mir\u00eb n\u00eb bot\u00eb\u201d,-deklaroi Peleshi.<\/p>","protected":false},"excerpt":{"rendered":"<p>Dit\u00ebn e sotme n\u00eb ceremonin\u00eb e diplomimit t\u00eb 11 pilot\u00ebve t\u00eb rinj ushtarak\u00eb t\u00eb Forc\u00ebs Ajrore ishte i pranish\u00ebm edhe ministri i Mbrojtjes Niko Peleshi. Ai e cil\u00ebsoi k\u00ebt\u00eb nj\u00eb d\u00ebshmi t\u00eb se rritjes dhe fuqizimit t\u00eb Forc\u00ebs Ajrore pjes\u00eb e FA, t\u00eb Republik\u00ebs s\u00eb Shqip\u00ebris\u00eb. Peleshi deklaroi se FA por realizon zhvillime historike p\u00ebr [&hellip;]<\/p>\n","protected":false},"author":2030,"featured_media":282219,"comment_status":"closed","ping_status":"closed","sticky":false,"template":"","format":"standard","meta":{"footnotes":""},"categories":[241,3366,5380,231,1454],"tags":[],"class_list":{"0":"post-282218","1":"post","2":"type-post","3":"status-publish","4":"format-standard","5":"has-post-thumbnail","7":"category-aktualitet","8":"category-koment","9":"category-kryesore","10":"category-lajme","11":"category-politike"},"_links":{"self":[{"href":"https:\/\/zjarr.tv\/en\/wp-json\/wp\/v2\/posts\/282218","targetHints":{"allow":["GET"]}}],"collection":[{"href":"https:\/\/zjarr.tv\/en\/wp-json\/wp\/v2\/posts"}],"about":[{"href":"https:\/\/zjarr.tv\/en\/wp-json\/wp\/v2\/types\/post"}],"author":[{"embeddable":true,"href":"https:\/\/zjarr.tv\/en\/wp-json\/wp\/v2\/users\/2030"}],"replies":[{"embeddable":true,"href":"https:\/\/zjarr.tv\/en\/wp-json\/wp\/v2\/comments?post=282218"}],"version-history":[{"count":0,"href":"https:\/\/zjarr.tv\/en\/wp-json\/wp\/v2\/posts\/282218\/revisions"}],"wp:featuredmedia":[{"embeddable":true,"href":"https:\/\/zjarr.tv\/en\/wp-json\/wp\/v2\/media\/282219"}],"wp:attachment":[{"href":"https:\/\/zjarr.tv\/en\/wp-json\/wp\/v2\/media?parent=282218"}],"wp:term":[{"taxonomy":"category","embeddable":true,"href":"https:\/\/zjarr.tv\/en\/wp-json\/wp\/v2\/categories?post=282218"},{"taxonomy":"post_tag","embeddable":true,"href":"https:\/\/zjarr.tv\/en\/wp-json\/wp\/v2\/tags?post=282218"}],"curies":[{"name":"wp","href":"https:\/\/api.w.org\/{rel}","templated":true}]}}