{"id":282446,"date":"2022-09-08T09:37:14","date_gmt":"2022-09-08T07:37:14","guid":{"rendered":"https:\/\/zjarr.tv\/?p=282446"},"modified":"2022-09-08T09:37:14","modified_gmt":"2022-09-08T07:37:14","slug":"i-dyshuar-per-sulmet-me-thike-ne-kanada-32-vjecari-vdes-ne-spital-disa-ore-pas-arrestimit-ja-dyshimet-e-para","status":"publish","type":"post","link":"https:\/\/zjarr.tv\/en\/i-dyshuar-per-sulmet-me-thike-ne-kanada-32-vjecari-vdes-ne-spital-disa-ore-pas-arrestimit-ja-dyshimet-e-para\/","title":{"rendered":"I dyshuar p\u00ebr sulmet me thik\u00eb n\u00eb Kanada\/ 32-vje\u00e7ari vdes n\u00eb spital disa or\u00eb pas arrestimit! Ja dyshimet e para"},"content":{"rendered":"<p>dyshuari p\u00ebr sulmet me thik\u00eb n\u00eb Kanada ka vdekur pasi \u00ebsht\u00eb kapur nga policia, than\u00eb zyrtar\u00ebt. <ins datetime=\"2022-09-08T06:55:58+00:00\">Nga sulmet me thik\u00eb t\u00eb s\u00eb diel\u00ebs vdiq\u00ebn 10 persona dhe u plagos\u00ebn 18 t\u00eb tjer\u00eb.<\/ins><\/p>\n<p>Policia tha se Myles Sanderson, 32 vje\u00e7, u kap nga autoritetet n\u00eb nj\u00eb autostrad\u00eb n\u00eb provinc\u00ebn Saskat\u00e7uan mbr\u00ebmjen e s\u00eb m\u00ebrkur\u00ebs. Sipas pamjeve t\u00eb incizuara, makina me t\u00eb cilin ai po ikte, doli nga rruga dhe m\u00eb pas u rrethua nga makinat policore n\u00eb af\u00ebrsi t\u00eb qytetit Rostern.<\/p>\n<p>Policia tha se ai u arrestua n\u00eb or\u00ebn 15:30 sipas koh\u00ebs lokale, por pak koh\u00eb pas arrestimit, Sanderson kishte nj\u00eb shqet\u00ebsim mjek\u00ebsor dhe u d\u00ebrgua n\u00eb spital, ku dhe vdiq. Zyrtarja policore Rhonda Blackmore nuk dha detaje t\u00eb tjera, duke th\u00ebn\u00eb se shkaku i vdekjes do t\u00eb p\u00ebrcaktohet pas autopsis\u00eb.<\/p>\n<p>Nj\u00eb zyrtar i paidentifikuar m\u00eb her\u00ebt ka th\u00ebn\u00eb p\u00ebr mediat lokale se Sanderson vdiq nga plag\u00eb q\u00eb i kishte shkaktuar vetes.<\/p>\n<p>Para se t\u00eb arrestohej nga policia, mediat n\u00eb Kanada raportuan se Sanderson kishte hyr\u00eb n\u00eb sht\u00ebpin\u00eb e nj\u00eb gruaje dhe kishte marr\u00eb \u00e7el\u00ebsat e vetur\u00ebs s\u00eb saj. M\u00eb pas, gruaja kishte kontaktuar autoritetet. Myles Sanderson ishte p\u00ebrballur me akuza p\u00ebr vrasje dhe tentim-vrasje. Edhe v\u00ebllai i tij, Damien Sanderson akuzohej se kishte pasur rol n\u00eb sulmet e s\u00eb diel\u00ebs n\u00eb rajonin Saskat\u00e7usen.<\/p>\n<p>T\u00eb h\u00ebn\u00ebn, policia gjeti trupin e pajet\u00eb t\u00eb Damien Sanderson, dhe tani po kryhen hetime n\u00ebse Myles e ka vrar\u00eb t\u00eb v\u00ebllan\u00eb gjat\u00eb koh\u00ebs kur policia po i ndiqte t\u00eb dy. M\u00eb her\u00ebt gjat\u00eb s\u00eb m\u00ebrkur\u00ebs, prind\u00ebrit e v\u00ebllez\u00ebrve Sanderson, i b\u00ebn thirrje Myles q\u00eb t\u00eb dor\u00ebzohej, teksa k\u00ebrkuan falje p\u00ebr veprimet e f\u00ebmij\u00ebve t\u00eb tyre.<\/p>\n<p>Policia n\u00eb Kanada ende nuk ka treguar motivin e sulmeve me thik\u00eb. Shumica e viktimave ishin nga James Smith Kri, nj\u00eb komunitet indigjen. \/REL<\/p>","protected":false},"excerpt":{"rendered":"<p>dyshuari p\u00ebr sulmet me thik\u00eb n\u00eb Kanada ka vdekur pasi \u00ebsht\u00eb kapur nga policia, than\u00eb zyrtar\u00ebt. Nga sulmet me thik\u00eb t\u00eb s\u00eb diel\u00ebs vdiq\u00ebn 10 persona dhe u plagos\u00ebn 18 t\u00eb tjer\u00eb. Policia tha se Myles Sanderson, 32 vje\u00e7, u kap nga autoritetet n\u00eb nj\u00eb autostrad\u00eb n\u00eb provinc\u00ebn Saskat\u00e7uan mbr\u00ebmjen e s\u00eb m\u00ebrkur\u00ebs. Sipas pamjeve [&hellip;]<\/p>\n","protected":false},"author":2020,"featured_media":282447,"comment_status":"closed","ping_status":"closed","sticky":false,"template":"","format":"standard","meta":{"footnotes":""},"categories":[241,231],"tags":[],"class_list":{"0":"post-282446","1":"post","2":"type-post","3":"status-publish","4":"format-standard","5":"has-post-thumbnail","7":"category-aktualitet","8":"category-lajme"},"_links":{"self":[{"href":"https:\/\/zjarr.tv\/en\/wp-json\/wp\/v2\/posts\/282446","targetHints":{"allow":["GET"]}}],"collection":[{"href":"https:\/\/zjarr.tv\/en\/wp-json\/wp\/v2\/posts"}],"about":[{"href":"https:\/\/zjarr.tv\/en\/wp-json\/wp\/v2\/types\/post"}],"author":[{"embeddable":true,"href":"https:\/\/zjarr.tv\/en\/wp-json\/wp\/v2\/users\/2020"}],"replies":[{"embeddable":true,"href":"https:\/\/zjarr.tv\/en\/wp-json\/wp\/v2\/comments?post=282446"}],"version-history":[{"count":0,"href":"https:\/\/zjarr.tv\/en\/wp-json\/wp\/v2\/posts\/282446\/revisions"}],"wp:featuredmedia":[{"embeddable":true,"href":"https:\/\/zjarr.tv\/en\/wp-json\/wp\/v2\/media\/282447"}],"wp:attachment":[{"href":"https:\/\/zjarr.tv\/en\/wp-json\/wp\/v2\/media?parent=282446"}],"wp:term":[{"taxonomy":"category","embeddable":true,"href":"https:\/\/zjarr.tv\/en\/wp-json\/wp\/v2\/categories?post=282446"},{"taxonomy":"post_tag","embeddable":true,"href":"https:\/\/zjarr.tv\/en\/wp-json\/wp\/v2\/tags?post=282446"}],"curies":[{"name":"wp","href":"https:\/\/api.w.org\/{rel}","templated":true}]}}