{"id":283031,"date":"2022-09-09T15:03:37","date_gmt":"2022-09-09T13:03:37","guid":{"rendered":"https:\/\/zjarr.tv\/?p=283031"},"modified":"2022-09-09T15:03:37","modified_gmt":"2022-09-09T13:03:37","slug":"firmat-energjetike-paralajmerojne-per-krizen-e-paprecedente-te-likuiditetit-ne-evrope","status":"publish","type":"post","link":"https:\/\/zjarr.tv\/en\/firmat-energjetike-paralajmerojne-per-krizen-e-paprecedente-te-likuiditetit-ne-evrope\/","title":{"rendered":"Firmat energjetike paralajm\u00ebrojn\u00eb p\u00ebr kriz\u00ebn \u2018e paprecedent\u00eb\u2019 t\u00eb likuiditetit n\u00eb Evrop\u00eb"},"content":{"rendered":"<p>Kriza e likuiditetit ka goditur tashm\u00eb disa firma t\u00eb m\u00ebdha evropiane t\u00eb energjis\u00eb elektrike, t\u00eb cilat jan\u00eb shtyr\u00eb drejt falimentimit.<\/p>\n<p>Gjat\u00eb fundjav\u00ebs, Finlanda dhe Suedia\u00a0\u00a0njoftuan planet\u00a0\u00a0p\u00ebr t\u00eb ofruar miliarda euro garanci likuiditeti p\u00ebr kompanit\u00eb e energjis\u00eb q\u00eb po \u201cthyhen\u201d nga presioni i rritjes s\u00eb \u00e7mimeve t\u00eb gazit.<\/p>\n<div><\/div>\n<p>T\u00eb premten e 9 shtatorit, ministrat e energjis\u00eb t\u00eb BE-s\u00eb mblidhen n\u00eb Bruksel p\u00ebr t\u00eb diskutuar mundesite p\u00ebr t\u00eb frenuar rritjen e \u00e7mimeve t\u00eb energjis\u00eb, duke p\u00ebrfshir\u00eb kufijt\u00eb e \u00e7mimit t\u00eb gazit dhe linjat e kreditit emergjent p\u00ebr pjes\u00ebmarr\u00ebsit e tregut t\u00eb energjis\u00eb.<\/p>\n<p>Opsionet n\u00eb shqyrtim p\u00ebrfshijn\u00eb masa p\u00ebr t\u00eb rritur likuiditetin e tregut si \u201cmb\u00ebshtetja e menj\u00ebhershme e linj\u00ebs s\u00eb kreditit\u201d p\u00ebr firmat energjetike n\u00eb v\u00ebshtir\u00ebsi, \u201cp\u00ebr shembull n\u00ebp\u00ebrmjet rolit t\u00eb Bank\u00ebs Qendrore Evropiane\u201d ose nj\u00eb \u201cpezullim t\u00eb p\u00ebrkohsh\u00ebm t\u00eb tregjeve evropiane t\u00eb derivateve t\u00eb energjis\u00eb\u201d, sipas nj\u00eb\u00a0dokumenti\u00a0nga presidenca \u00e7eke e BE-s\u00eb.<\/p>\n<p>N\u00eb Bruksel, Komisioni Evropian tha se ishte shum\u00eb i vet\u00ebdijsh\u00ebm p\u00ebr nevoj\u00ebn p\u00ebr kolateral n\u00eb sektorin e energjis\u00eb.<\/p>\n<div><\/div>\n<p>\u201cDhe kjo k\u00ebrkon ndihm\u00ebn e kompanive p\u00ebr ta stabilizuar k\u00ebt\u00eb,\u201d tha nj\u00eb zyrtar i lart\u00eb i Komisionit Evropian n\u00eb nj\u00eb konferenc\u00eb shtypi t\u00eb m\u00ebrkur\u00ebn.<\/p>\n<p>Euractiv\u00a0shkruan referuar ekspert\u00ebve se \u00e7mimet e larta t\u00eb gazit jo vet\u00ebm q\u00eb po d\u00ebmtojn\u00eb fuqin\u00eb bler\u00ebse t\u00eb familjeve, por gjithashtu po i v\u00ebn\u00eb firmat e energjis\u00eb elektrike n\u00ebn nj\u00eb \u201ctension t\u00eb papar\u00eb likuiditeti\u201d.<\/p>\n<p>Alarmi u ngrit nga Kristian Ruby, sekretari i p\u00ebrgjithsh\u00ebm i Eurelectric, shoqata e industris\u00eb elektrike ne BE.<\/p>\n<p>\u00c7mimet e energjis\u00eb elektrike n\u00eb tregun me shumic\u00eb u rrit\u00ebn me 532% midis janarit 2021 dhe gushtit 2022 p\u00ebr shkak t\u00eb r\u00ebnies s\u00eb furnizimeve me gaz, sipas\u00a0Barometrit t\u00eb Fuqis\u00eb s\u00eb Eurelectric\u00a0, t\u00eb zbuluar t\u00eb m\u00ebrkur\u00ebn (7 shtator).<\/p>\n<p>\u201cDhe kjo po shkakton nj\u00eb rritje proporcionale t\u00eb nevoj\u00ebs p\u00ebr kolateral,\u201d tha Ruby.<\/p>\n<p>Mungesa e likuiditetit nuk \u00ebsht\u00eb vet\u00ebm nj\u00eb problem p\u00ebr firmat energjetike \u2013 ajo gjithashtu rrezikon t\u00eb prish\u00eb tranzicionin e gjelb\u00ebr t\u00eb BE-s\u00eb, i cili varet nga elektrifikimi i shpejt\u00eb i p\u00ebrdorimeve p\u00ebrfundimtare si transporti dhe ngrohja.<\/p>","protected":false},"excerpt":{"rendered":"<p>Kriza e likuiditetit ka goditur tashm\u00eb disa firma t\u00eb m\u00ebdha evropiane t\u00eb energjis\u00eb elektrike, t\u00eb cilat jan\u00eb shtyr\u00eb drejt falimentimit. Gjat\u00eb fundjav\u00ebs, Finlanda dhe Suedia\u00a0\u00a0njoftuan planet\u00a0\u00a0p\u00ebr t\u00eb ofruar miliarda euro garanci likuiditeti p\u00ebr kompanit\u00eb e energjis\u00eb q\u00eb po \u201cthyhen\u201d nga presioni i rritjes s\u00eb \u00e7mimeve t\u00eb gazit. T\u00eb premten e 9 shtatorit, ministrat e energjis\u00eb [&hellip;]<\/p>\n","protected":false},"author":2020,"featured_media":283035,"comment_status":"closed","ping_status":"closed","sticky":false,"template":"","format":"standard","meta":{"footnotes":""},"categories":[241,231],"tags":[],"class_list":{"0":"post-283031","1":"post","2":"type-post","3":"status-publish","4":"format-standard","5":"has-post-thumbnail","7":"category-aktualitet","8":"category-lajme"},"_links":{"self":[{"href":"https:\/\/zjarr.tv\/en\/wp-json\/wp\/v2\/posts\/283031","targetHints":{"allow":["GET"]}}],"collection":[{"href":"https:\/\/zjarr.tv\/en\/wp-json\/wp\/v2\/posts"}],"about":[{"href":"https:\/\/zjarr.tv\/en\/wp-json\/wp\/v2\/types\/post"}],"author":[{"embeddable":true,"href":"https:\/\/zjarr.tv\/en\/wp-json\/wp\/v2\/users\/2020"}],"replies":[{"embeddable":true,"href":"https:\/\/zjarr.tv\/en\/wp-json\/wp\/v2\/comments?post=283031"}],"version-history":[{"count":0,"href":"https:\/\/zjarr.tv\/en\/wp-json\/wp\/v2\/posts\/283031\/revisions"}],"wp:featuredmedia":[{"embeddable":true,"href":"https:\/\/zjarr.tv\/en\/wp-json\/wp\/v2\/media\/283035"}],"wp:attachment":[{"href":"https:\/\/zjarr.tv\/en\/wp-json\/wp\/v2\/media?parent=283031"}],"wp:term":[{"taxonomy":"category","embeddable":true,"href":"https:\/\/zjarr.tv\/en\/wp-json\/wp\/v2\/categories?post=283031"},{"taxonomy":"post_tag","embeddable":true,"href":"https:\/\/zjarr.tv\/en\/wp-json\/wp\/v2\/tags?post=283031"}],"curies":[{"name":"wp","href":"https:\/\/api.w.org\/{rel}","templated":true}]}}