{"id":283960,"date":"2022-09-12T21:56:49","date_gmt":"2022-09-12T19:56:49","guid":{"rendered":"https:\/\/zjarr.tv\/?p=283960"},"modified":"2022-09-12T21:56:49","modified_gmt":"2022-09-12T19:56:49","slug":"kapja-e-pushteteve-e-ka-veshtiresuar-rrugen-institucionale-te-ndryshimit-meta-ky-lloj-rregjimi-rrezohet-vetem-me-protesta","status":"publish","type":"post","link":"https:\/\/zjarr.tv\/en\/kapja-e-pushteteve-e-ka-veshtiresuar-rrugen-institucionale-te-ndryshimit-meta-ky-lloj-rregjimi-rrezohet-vetem-me-protesta\/","title":{"rendered":"\u201cKapja e pushteteve e ka v\u00ebshtir\u00ebsuar rrug\u00ebn institucionale t\u00eb ndryshimit\u201d- Meta: Ky lloj rregjimi rr\u00ebzohet vet\u00ebm me protesta"},"content":{"rendered":"<p>Kryetari i Partis\u00eb s\u00eb Liris\u00eb, Ilir Meta, deklaroi k\u00ebt\u00eb t\u00eb h\u00ebn\u00eb se protestat e vazhdueshme do t\u00eb jen\u00eb nj\u00eb nga mjetet p\u00ebr t\u00eb larguar regjimin e kryeministrit Rama.  I ftuar n\u00eb MCN TV, Meta tha se uzurpimi i t\u00eb gjitha pushteteve nga kryeministri e ka b\u00ebr\u00eb shum\u00eb t\u00eb v\u00ebshtir\u00eb rrug\u00ebn institucionale t\u00eb ndryshimit, ndaj l\u00ebvizja qytetare n\u00eb k\u00ebto kushte \u00ebsht\u00eb e domosdoshme.<br \/>\nAi tha se nj\u00eb kombinim i protestave me zgjedhjet do t\u00eb sjell\u00eb largimin e kryeministrit Rama nga pushteti.<\/p>\n<p>\u201cUn\u00eb jam kryetar i  PL nj\u00eb parti e p\u00ebrkushtuar p\u00ebr t\u00eb b\u00ebr\u00eb nj\u00eb opozit\u00eb t\u00eb v\u00ebrtet\u00eb dhe frontale. Jemi shprehur t\u00eb hapur p\u00ebr t\u00eb bashk\u00ebpunuar me PD dhe \u00e7do grup tjet\u00ebr, natyrisht ne kemi axhend\u00ebn ton\u00eb dhe jemi t\u00eb hapur p\u00ebr t\u00eb kordinuar me PD dhe me t\u00eb gjitha forcat e tjera. Raporti im me Berish\u00ebn \u00ebsht\u00eb nj\u00eb raport shum\u00eb korrekt.<\/p>\n<p>Angazhimi dhe p\u00ebrkushtimi im q\u00eb nga 25 korriku \u00ebsht\u00eb i pandalsh\u00ebm. A \u00ebsht\u00eb i mjatuesh\u00ebm? Jo! T\u00eb gjitha forcat e tjera politike duhet t\u00eb ndjekin k\u00ebt\u00eb rit\u00ebm. Un\u00eb e ndiej si obligim p\u00ebr t\u00eb energjizuar opozitarizmin n\u00eb vend me shpejt\u00ebsi maksimale. Sepse vendi ka humbur kaq shum\u00eb koh\u00eb sa i ka krijuar terren Edi Ram\u00ebs q\u00eb t\u00eb uzurpoj\u00eb t\u00eb gjitha pushtetet dhe ta b\u00ebj gjithnj\u00eb dhe m\u00eb t\u00eb v\u00ebshtir\u00eb rrug\u00ebn institucionale t\u00eb ndryshimit. Kjo do t\u00eb p\u00ebrballohet me p\u00ebrshkall\u00ebzimit e opozitarizmit nga dita n\u00eb dit\u00eb dhe nga minuta n\u00eb minut\u00eb. Kjo duhet b\u00ebr\u00eb me shpejt\u00ebsi pasi Edi Rama ka kapur t\u00eb gjitha pushtet.<\/p>\n<p>Se sa do ta arrij\u00eb un\u00eb apo t\u00eb gjith\u00eb, un\u00eb po b\u00ebj maksimumin n\u00eb k\u00ebt\u00eb drejtim.<\/p>\n<p>Rruga e protestave, e ngritjes s\u00eb qytetar\u00ebve, \u00ebsht\u00eb ajko q\u00eb do t\u00eb rivendos\u00eb Shqip\u00ebrin\u00eb n\u00eb normalitet, pasi ai i ka kapur t\u00eb gjitha institucionet, parlamenti \u00ebsht\u00eb jo-funksional. Drejt\u00ebsia \u00ebsht\u00eb n\u00eb nj\u00eb presion t\u00eb vazhduesh\u00ebm.<\/p>\n<p>Un\u00eb e kam th\u00ebn\u00eb p\u00ebrpara q\u00eb ky lloj regjimi do t\u00eb rr\u00ebzohet me protesta dhe zgjedhje,  nj\u00eb kombinim i t\u00eb dyjave. Ne nuk do t\u00eb heqim dor\u00eb nga institucionet, do t\u00eb b\u00ebjm\u00eb maksimumin n\u00eb parlament, por kjo nuk do t\u00eb jet\u00eb rruga e vetme q\u00eb mund t\u00eb imponoj\u00eb nj\u00eb ndryshim. K\u00ebshtu q\u00eb protesta \u00ebsht\u00eb domosdoshm\u00ebri e jasht\u00ebzakonshme\u201d, tha Meta.<\/p>","protected":false},"excerpt":{"rendered":"<p>Kryetari i Partis\u00eb s\u00eb Liris\u00eb, Ilir Meta, deklaroi k\u00ebt\u00eb t\u00eb h\u00ebn\u00eb se protestat e vazhdueshme do t\u00eb jen\u00eb nj\u00eb nga mjetet p\u00ebr t\u00eb larguar regjimin e kryeministrit Rama. I ftuar n\u00eb MCN TV, Meta tha se uzurpimi i t\u00eb gjitha pushteteve nga kryeministri e ka b\u00ebr\u00eb shum\u00eb t\u00eb v\u00ebshtir\u00eb rrug\u00ebn institucionale t\u00eb ndryshimit, ndaj l\u00ebvizja [&hellip;]<\/p>\n","protected":false},"author":2031,"featured_media":283961,"comment_status":"closed","ping_status":"closed","sticky":false,"template":"","format":"standard","meta":{"footnotes":""},"categories":[241,231,235],"tags":[],"class_list":{"0":"post-283960","1":"post","2":"type-post","3":"status-publish","4":"format-standard","5":"has-post-thumbnail","7":"category-aktualitet","8":"category-lajme","9":"category-vendi"},"_links":{"self":[{"href":"https:\/\/zjarr.tv\/en\/wp-json\/wp\/v2\/posts\/283960","targetHints":{"allow":["GET"]}}],"collection":[{"href":"https:\/\/zjarr.tv\/en\/wp-json\/wp\/v2\/posts"}],"about":[{"href":"https:\/\/zjarr.tv\/en\/wp-json\/wp\/v2\/types\/post"}],"author":[{"embeddable":true,"href":"https:\/\/zjarr.tv\/en\/wp-json\/wp\/v2\/users\/2031"}],"replies":[{"embeddable":true,"href":"https:\/\/zjarr.tv\/en\/wp-json\/wp\/v2\/comments?post=283960"}],"version-history":[{"count":0,"href":"https:\/\/zjarr.tv\/en\/wp-json\/wp\/v2\/posts\/283960\/revisions"}],"wp:featuredmedia":[{"embeddable":true,"href":"https:\/\/zjarr.tv\/en\/wp-json\/wp\/v2\/media\/283961"}],"wp:attachment":[{"href":"https:\/\/zjarr.tv\/en\/wp-json\/wp\/v2\/media?parent=283960"}],"wp:term":[{"taxonomy":"category","embeddable":true,"href":"https:\/\/zjarr.tv\/en\/wp-json\/wp\/v2\/categories?post=283960"},{"taxonomy":"post_tag","embeddable":true,"href":"https:\/\/zjarr.tv\/en\/wp-json\/wp\/v2\/tags?post=283960"}],"curies":[{"name":"wp","href":"https:\/\/api.w.org\/{rel}","templated":true}]}}