{"id":283970,"date":"2022-09-13T06:57:29","date_gmt":"2022-09-13T04:57:29","guid":{"rendered":"https:\/\/zjarr.tv\/?p=283970"},"modified":"2022-09-13T06:57:29","modified_gmt":"2022-09-13T04:57:29","slug":"briseida-shehaj-edi-rama-nuk-e-ka-te-gjate-si-do-ta-kthejme-besimin-dhe-shpresen-te-qytetaret","status":"publish","type":"post","link":"https:\/\/zjarr.tv\/en\/briseida-shehaj-edi-rama-nuk-e-ka-te-gjate-si-do-ta-kthejme-besimin-dhe-shpresen-te-qytetaret\/","title":{"rendered":"Briseida Shehaj: Edi Rama nuk e ka t\u00eb gjat\u00eb! Si do ta kthejm\u00eb besimin dhe shpres\u00ebn te qytetar\u00ebt"},"content":{"rendered":"<p>Koordinatorja e luft\u00ebs kund\u00ebr korrupsionit n\u00eb Partin\u00eb e Liris\u00eb, Brseida Shehaj ka dh\u00ebn\u00eb detaje n\u00eb lidhje me protest\u00ebn e k\u00ebsaj t\u00eb marte p\u00ebr Incenerator\u00ebt.<\/p>\n<p>Shehaj u shpreh se protestat do t\u00eb vijojn\u00eb p\u00ebr \u00e7do denoncim me prova e fakte kund\u00ebr qeveris\u00eb Rama.<\/p>\n<p>N\u00eb studion e \u201cQuo Vadis\u201d, Shehaj deklaroi se Partia e Liris\u00eb nuk \u00ebsht\u00eb kund\u00ebr drejt\u00ebsis\u00eb s\u00eb re por p\u00ebrkundrazi do t\u00eb ndihmoj\u00eb me dokumete e shkresa p\u00ebr zbardhjen e aferave korruptive.<\/p>\n<p>\u201cProtesta e t\u00eb mart\u00ebs nuk \u00ebsht\u00eb vet\u00ebm protesta e Partis\u00eb s\u00eb Liris\u00eb, E kemi protest pa flamur\u00eb e pa sig\u00ebl. Drejt\u00ebsia \u00ebsht\u00eb ajo b\u00ebn\u00eb ndryshimin, nuk kemi alternativ\u00eb. Ne jemi aty t\u00eb japim suport shkresor at\u00eb q\u00eb ata ndoshta e kan\u00eb t\u00eb pamundur ta gjejn\u00eb. N\u00ebse drejt\u00ebsia e re ka vendosur t\u00eb flej\u00eb gjum\u00eb, nuk do t\u00eb flej\u00eb gjum\u00eb p\u00ebr gjat\u00eb.<\/p>\n<p>Stina e protestave dhe kjo protest\u00eb n\u00eb \u2018vendin e krimit\u2019 ashtu do jet\u00eb n\u00eb \u00e7do denoncim q\u00eb ne do t\u00eb b\u00ebjm\u00eb. Basha vrau shpres\u00ebn e shqiptar\u00ebve. Kjo \u00ebsht\u00eb m\u00ebnyra si do t\u00eb kthejm\u00eb shpores\u00ebn dhe besimin te qytetar\u00ebt shqiptar\u00eb . Edi Rama nuk e ka t\u00eb gjat\u00eb, ai zot\u00ebria nuk ka patur ndonj\u00ebher\u00eb opozit\u00eb\u201d, deklaroi Shehaj.<\/p>","protected":false},"excerpt":{"rendered":"<p>Koordinatorja e luft\u00ebs kund\u00ebr korrupsionit n\u00eb Partin\u00eb e Liris\u00eb, Brseida Shehaj ka dh\u00ebn\u00eb detaje n\u00eb lidhje me protest\u00ebn e k\u00ebsaj t\u00eb marte p\u00ebr Incenerator\u00ebt. Shehaj u shpreh se protestat do t\u00eb vijojn\u00eb p\u00ebr \u00e7do denoncim me prova e fakte kund\u00ebr qeveris\u00eb Rama. N\u00eb studion e \u201cQuo Vadis\u201d, Shehaj deklaroi se Partia e Liris\u00eb nuk \u00ebsht\u00eb [&hellip;]<\/p>\n","protected":false},"author":2031,"featured_media":156240,"comment_status":"closed","ping_status":"closed","sticky":false,"template":"","format":"standard","meta":{"footnotes":""},"categories":[241,231,235],"tags":[],"class_list":{"0":"post-283970","1":"post","2":"type-post","3":"status-publish","4":"format-standard","5":"has-post-thumbnail","7":"category-aktualitet","8":"category-lajme","9":"category-vendi"},"_links":{"self":[{"href":"https:\/\/zjarr.tv\/en\/wp-json\/wp\/v2\/posts\/283970","targetHints":{"allow":["GET"]}}],"collection":[{"href":"https:\/\/zjarr.tv\/en\/wp-json\/wp\/v2\/posts"}],"about":[{"href":"https:\/\/zjarr.tv\/en\/wp-json\/wp\/v2\/types\/post"}],"author":[{"embeddable":true,"href":"https:\/\/zjarr.tv\/en\/wp-json\/wp\/v2\/users\/2031"}],"replies":[{"embeddable":true,"href":"https:\/\/zjarr.tv\/en\/wp-json\/wp\/v2\/comments?post=283970"}],"version-history":[{"count":0,"href":"https:\/\/zjarr.tv\/en\/wp-json\/wp\/v2\/posts\/283970\/revisions"}],"wp:featuredmedia":[{"embeddable":true,"href":"https:\/\/zjarr.tv\/en\/wp-json\/wp\/v2\/media\/156240"}],"wp:attachment":[{"href":"https:\/\/zjarr.tv\/en\/wp-json\/wp\/v2\/media?parent=283970"}],"wp:term":[{"taxonomy":"category","embeddable":true,"href":"https:\/\/zjarr.tv\/en\/wp-json\/wp\/v2\/categories?post=283970"},{"taxonomy":"post_tag","embeddable":true,"href":"https:\/\/zjarr.tv\/en\/wp-json\/wp\/v2\/tags?post=283970"}],"curies":[{"name":"wp","href":"https:\/\/api.w.org\/{rel}","templated":true}]}}