{"id":283977,"date":"2022-09-13T07:00:22","date_gmt":"2022-09-13T05:00:22","guid":{"rendered":"https:\/\/zjarr.tv\/?p=283977"},"modified":"2022-09-13T07:00:22","modified_gmt":"2022-09-13T05:00:22","slug":"a-do-te-kandidoje-per-bashkine-e-tiranes-meta-nuk-eshte-plani-im-opozita-duhet","status":"publish","type":"post","link":"https:\/\/zjarr.tv\/en\/a-do-te-kandidoje-per-bashkine-e-tiranes-meta-nuk-eshte-plani-im-opozita-duhet\/","title":{"rendered":"A do t\u00eb kandidoj\u00eb p\u00ebr bashkin\u00eb e Tiran\u00ebs? Meta: Nuk \u00ebsht\u00eb plani im, opozita duhet\u2026."},"content":{"rendered":"<p>Kryetari i Partis\u00eb s\u00eb Liris\u00eb, Ilir Meta deklaroi k\u00ebt\u00eb t\u00eb h\u00ebn\u00eb se ai nuk do t\u00eb kandidoj\u00eb p\u00ebr zgjedhjet e ardhshme bashkiake n\u00eb Tiran\u00eb, duke i dh\u00ebn\u00eb fund aludimeve t\u00eb ngrituara se ai do t\u00eb ishte propozimi i opozit\u00ebs p\u00ebr kryeqytetin.<\/p>\n<p>Meta shtoi se opozita duhet t\u00eb gjej\u00eb kandidat\u00ebt m\u00eb t\u00eb mir\u00eb, n\u00eb m\u00ebnyr\u00eb t\u00eb hapur dhe t\u00eb drejt\u00eb, jo vet\u00ebm n\u00eb Tiran\u00eb por n\u00eb t\u00eb gjitha bashkit\u00eb e vendit.<\/p>\n<p>\u201cUn\u00eb jam p\u00ebr t\u00eb zgjedhur kandidat\u00ebt m\u00eb t\u00eb mir\u00eb, kudo p\u00ebrfshir\u00eb dhe Tiran\u00ebn. N\u00eb m\u00ebnyr\u00ebn m\u00eb t\u00eb hapur dhe t\u00eb drejt\u00eb. Un\u00eb jam p\u00ebrzgjidhjen m\u00eb t\u00eb mir\u00eb, s\u2019kam asnj\u00eb rezerv\u00eb dhe medoj se opozita i ka t\u00eb gjitha mund\u00ebsit\u00eb p\u00ebr t\u00eb zgjedhur 10 mij\u00eb kandidat\u00eb m\u00eb t\u00eb mir\u00eb se ky m\u00ebk\u00ebmb\u00ebsi i Edi Ram\u00ebs. Demokracia n\u00eb Tiran\u00eb ka ardhur dhe k\u00ebtu do t\u00eb rivendoset.<\/p>\n<p>Un\u00eb jam kryetar i Partis\u00eb s\u00eb Liris\u00eb, ky nuk \u00ebsht\u00eb plani im. As nuk ka qen\u00eb as nuk \u00ebsht\u00eb. Un\u00eb besoj se opozita ka shum\u00eb kandidat\u00eb t\u00eb aft\u00eb dhe t\u00eb zot\u00eb jo vet\u00ebm p\u00ebr t\u00eb fituar dhe p\u00ebr ta ndryshuar Tiran\u00ebn. Padyshim q\u00eb un\u00eb do ta mb\u00ebshtes\u201d, tha Meta.<\/p>","protected":false},"excerpt":{"rendered":"<p>Kryetari i Partis\u00eb s\u00eb Liris\u00eb, Ilir Meta deklaroi k\u00ebt\u00eb t\u00eb h\u00ebn\u00eb se ai nuk do t\u00eb kandidoj\u00eb p\u00ebr zgjedhjet e ardhshme bashkiake n\u00eb Tiran\u00eb, duke i dh\u00ebn\u00eb fund aludimeve t\u00eb ngrituara se ai do t\u00eb ishte propozimi i opozit\u00ebs p\u00ebr kryeqytetin. Meta shtoi se opozita duhet t\u00eb gjej\u00eb kandidat\u00ebt m\u00eb t\u00eb mir\u00eb, n\u00eb m\u00ebnyr\u00eb t\u00eb [&hellip;]<\/p>\n","protected":false},"author":2031,"featured_media":283978,"comment_status":"closed","ping_status":"closed","sticky":false,"template":"","format":"standard","meta":{"footnotes":""},"categories":[241,231,235],"tags":[],"class_list":{"0":"post-283977","1":"post","2":"type-post","3":"status-publish","4":"format-standard","5":"has-post-thumbnail","7":"category-aktualitet","8":"category-lajme","9":"category-vendi"},"_links":{"self":[{"href":"https:\/\/zjarr.tv\/en\/wp-json\/wp\/v2\/posts\/283977","targetHints":{"allow":["GET"]}}],"collection":[{"href":"https:\/\/zjarr.tv\/en\/wp-json\/wp\/v2\/posts"}],"about":[{"href":"https:\/\/zjarr.tv\/en\/wp-json\/wp\/v2\/types\/post"}],"author":[{"embeddable":true,"href":"https:\/\/zjarr.tv\/en\/wp-json\/wp\/v2\/users\/2031"}],"replies":[{"embeddable":true,"href":"https:\/\/zjarr.tv\/en\/wp-json\/wp\/v2\/comments?post=283977"}],"version-history":[{"count":0,"href":"https:\/\/zjarr.tv\/en\/wp-json\/wp\/v2\/posts\/283977\/revisions"}],"wp:featuredmedia":[{"embeddable":true,"href":"https:\/\/zjarr.tv\/en\/wp-json\/wp\/v2\/media\/283978"}],"wp:attachment":[{"href":"https:\/\/zjarr.tv\/en\/wp-json\/wp\/v2\/media?parent=283977"}],"wp:term":[{"taxonomy":"category","embeddable":true,"href":"https:\/\/zjarr.tv\/en\/wp-json\/wp\/v2\/categories?post=283977"},{"taxonomy":"post_tag","embeddable":true,"href":"https:\/\/zjarr.tv\/en\/wp-json\/wp\/v2\/tags?post=283977"}],"curies":[{"name":"wp","href":"https:\/\/api.w.org\/{rel}","templated":true}]}}