{"id":283985,"date":"2022-09-13T07:03:30","date_gmt":"2022-09-13T05:03:30","guid":{"rendered":"https:\/\/zjarr.tv\/?p=283985"},"modified":"2022-09-13T07:03:30","modified_gmt":"2022-09-13T05:03:30","slug":"jam-ilir-meta-une-hetimi-i-spak-ish-presidenti-edi-rama-eshte-legen-erdhi-ne-politike-si-cuni-i-netes-dhe-do-ike-si-kurbani-i","status":"publish","type":"post","link":"https:\/\/zjarr.tv\/en\/jam-ilir-meta-une-hetimi-i-spak-ish-presidenti-edi-rama-eshte-legen-erdhi-ne-politike-si-cuni-i-netes-dhe-do-ike-si-kurbani-i\/","title":{"rendered":"\u201cJam Ilir Meta un\u00eb\u201d- Hetimi i SPAK, ish-presidenti: Edi Rama \u00ebsht\u00eb legen, erdhi n\u00eb politik\u00eb si \u00e7uni i Net\u00ebs dhe do ik\u00eb si kurbani i\u2026"},"content":{"rendered":"<p>Kryetari i Partis\u00eb s\u00eb Liris\u00eb, Ilir Meta ka reaguar n\u00eb lidhje me hetimin e SPAK ndaj tij. Meta u shpreh mbr\u00ebmjen e sotme n\u00eb \u201cTPZ\u201d se p\u00ebr t\u00eb, t\u00eb r\u00ebnd\u00ebsishme jan\u00eb vet\u00ebm hetimet p\u00ebr Incenerator\u00ebt.<\/p>\n<p>Ai u shpreh se Edi Rama \u00ebsht\u00eb autokrat, por nuk do t\u00eb arrij\u00eb q\u00ebllimin q\u00eb ka ndaj tij. M\u00eb tej Meta e cil\u00ebsoi kryeministrin \u201cnj\u00eb legen q\u00eb erdhi n\u00eb politik\u00eb si \u00e7uni i Net\u00ebs dhe do ik\u00eb si kurbani i Ilir Met\u00ebs\u201d.<\/p>\n<p>\u201cU uroj suksese n\u00eb veprimtarin\u00eb e tyre. Nuk ka asnj\u00eb lloj ndryshimi p\u00ebr ne. P\u00ebr ne t\u00eb r\u00ebnd\u00ebsishme jan\u00eb Incenerator\u00ebt. Ai \u00ebsht\u00eb autokrat, un\u00eb jam Ilir Meta.<\/p>\n<p>Ta shikojm\u00eb diktatur\u00ebn e tij. Ai \u00ebsht\u00eb nj\u00eb legen. Ai e di shum\u00eb mir\u00eb q\u00eb \u00ebsht\u00eb nj\u00eb legen. Ai do qaj\u00eb t\u00eb vij\u00eb ashtu. Ai erdhi n\u00eb politik\u00eb si \u00e7uni i Net\u00ebs dhe do ik\u00eb nga politika si kurban i Ilir Met\u00ebs\u201d, tha Meta.<\/p>","protected":false},"excerpt":{"rendered":"<p>Kryetari i Partis\u00eb s\u00eb Liris\u00eb, Ilir Meta ka reaguar n\u00eb lidhje me hetimin e SPAK ndaj tij. Meta u shpreh mbr\u00ebmjen e sotme n\u00eb \u201cTPZ\u201d se p\u00ebr t\u00eb, t\u00eb r\u00ebnd\u00ebsishme jan\u00eb vet\u00ebm hetimet p\u00ebr Incenerator\u00ebt. Ai u shpreh se Edi Rama \u00ebsht\u00eb autokrat, por nuk do t\u00eb arrij\u00eb q\u00ebllimin q\u00eb ka ndaj tij. M\u00eb tej [&hellip;]<\/p>\n","protected":false},"author":2031,"featured_media":283986,"comment_status":"closed","ping_status":"closed","sticky":false,"template":"","format":"standard","meta":{"footnotes":""},"categories":[241,231,235],"tags":[],"class_list":{"0":"post-283985","1":"post","2":"type-post","3":"status-publish","4":"format-standard","5":"has-post-thumbnail","7":"category-aktualitet","8":"category-lajme","9":"category-vendi"},"_links":{"self":[{"href":"https:\/\/zjarr.tv\/en\/wp-json\/wp\/v2\/posts\/283985","targetHints":{"allow":["GET"]}}],"collection":[{"href":"https:\/\/zjarr.tv\/en\/wp-json\/wp\/v2\/posts"}],"about":[{"href":"https:\/\/zjarr.tv\/en\/wp-json\/wp\/v2\/types\/post"}],"author":[{"embeddable":true,"href":"https:\/\/zjarr.tv\/en\/wp-json\/wp\/v2\/users\/2031"}],"replies":[{"embeddable":true,"href":"https:\/\/zjarr.tv\/en\/wp-json\/wp\/v2\/comments?post=283985"}],"version-history":[{"count":0,"href":"https:\/\/zjarr.tv\/en\/wp-json\/wp\/v2\/posts\/283985\/revisions"}],"wp:featuredmedia":[{"embeddable":true,"href":"https:\/\/zjarr.tv\/en\/wp-json\/wp\/v2\/media\/283986"}],"wp:attachment":[{"href":"https:\/\/zjarr.tv\/en\/wp-json\/wp\/v2\/media?parent=283985"}],"wp:term":[{"taxonomy":"category","embeddable":true,"href":"https:\/\/zjarr.tv\/en\/wp-json\/wp\/v2\/categories?post=283985"},{"taxonomy":"post_tag","embeddable":true,"href":"https:\/\/zjarr.tv\/en\/wp-json\/wp\/v2\/tags?post=283985"}],"curies":[{"name":"wp","href":"https:\/\/api.w.org\/{rel}","templated":true}]}}