{"id":284009,"date":"2022-09-13T08:47:50","date_gmt":"2022-09-13T06:47:50","guid":{"rendered":"https:\/\/zjarr.tv\/?p=284009"},"modified":"2022-09-13T08:47:50","modified_gmt":"2022-09-13T06:47:50","slug":"te-inceneratori-tiranes-mbahet-sot-protesta-e-pare-e-partise-se-lirise","status":"publish","type":"post","link":"https:\/\/zjarr.tv\/en\/te-inceneratori-tiranes-mbahet-sot-protesta-e-pare-e-partise-se-lirise\/","title":{"rendered":"Te inceneratori Tiran\u00ebs, mbahet sot protesta e par\u00eb e Partis\u00eb s\u00eb Liris\u00eb"},"content":{"rendered":"<p>Partia e Liris\u00eb me n\u00eb krye Ilir Met\u00ebn do t\u00eb mbaj\u00eb pasditen e sotme (13 shtator) protest\u00ebn e par\u00eb.<\/p>\n<p>Meta njoftoi pak dit\u00eb m\u00eb par\u00eb se protesta do t\u00eb mbahet p\u00ebrpara inceneratorit t\u00eb Tiran\u00ebs, duke e quajtur \u201ckryevepr\u00ebn\u201d e korrupsionit t\u00eb qeveris\u00eb.<\/p>\n<p>\u201cProtesta e par\u00eb e Partis\u00eb s\u00eb Liris\u00eb, n\u00eb 13 shtator, ora 18:00, n\u00eb inceneratorin e Tiranes, \u2018kryevepr\u00ebn\u2019 e korrupsionit t\u00eb Qeveris\u00eb. Ftojm\u00eb t\u00eb gjithe qytetar\u00ebt\u201d deklaroi Meta pak dit\u00eb m\u00eb par\u00eb.<\/p>\n<p>N\u00eb nj\u00eb intervist\u00eb mbr\u00ebmjen e djeshme Meta ka shp\u00ebrthyer n\u00eb akuza ndaj kryeministrit Rama duke e krahasuar at\u00eb me en\u00eb plastike dhe e paralajm\u00ebroi se do t\u00eb jet\u00eb kurbani i tij politik.<\/p>\n<p>Kujtojm\u00eb q\u00eb k\u00ebt\u00eb protest\u00eb e ka mb\u00ebshtetur edhe PD, pasi Sali Berisha n\u00eb nj\u00eb deklarat\u00eb u b\u00ebri thirrje qytetar\u00ebve q\u00eb t\u00eb marrin pjes\u00eb n\u00eb protest\u00eb.<\/p>\n<p>\u201cKudo q\u00eb b\u00ebhen protesta, u b\u00ebjm\u00eb thirrje qytetar\u00ebve t\u00eb marrin pjes\u00eb\u201d tha Berisha<\/p>","protected":false},"excerpt":{"rendered":"<p>Partia e Liris\u00eb me n\u00eb krye Ilir Met\u00ebn do t\u00eb mbaj\u00eb pasditen e sotme (13 shtator) protest\u00ebn e par\u00eb. Meta njoftoi pak dit\u00eb m\u00eb par\u00eb se protesta do t\u00eb mbahet p\u00ebrpara inceneratorit t\u00eb Tiran\u00ebs, duke e quajtur \u201ckryevepr\u00ebn\u201d e korrupsionit t\u00eb qeveris\u00eb. \u201cProtesta e par\u00eb e Partis\u00eb s\u00eb Liris\u00eb, n\u00eb 13 shtator, ora 18:00, n\u00eb [&hellip;]<\/p>\n","protected":false},"author":2031,"featured_media":284010,"comment_status":"closed","ping_status":"closed","sticky":false,"template":"","format":"standard","meta":{"footnotes":""},"categories":[241,231,235],"tags":[],"class_list":{"0":"post-284009","1":"post","2":"type-post","3":"status-publish","4":"format-standard","5":"has-post-thumbnail","7":"category-aktualitet","8":"category-lajme","9":"category-vendi"},"_links":{"self":[{"href":"https:\/\/zjarr.tv\/en\/wp-json\/wp\/v2\/posts\/284009","targetHints":{"allow":["GET"]}}],"collection":[{"href":"https:\/\/zjarr.tv\/en\/wp-json\/wp\/v2\/posts"}],"about":[{"href":"https:\/\/zjarr.tv\/en\/wp-json\/wp\/v2\/types\/post"}],"author":[{"embeddable":true,"href":"https:\/\/zjarr.tv\/en\/wp-json\/wp\/v2\/users\/2031"}],"replies":[{"embeddable":true,"href":"https:\/\/zjarr.tv\/en\/wp-json\/wp\/v2\/comments?post=284009"}],"version-history":[{"count":0,"href":"https:\/\/zjarr.tv\/en\/wp-json\/wp\/v2\/posts\/284009\/revisions"}],"wp:featuredmedia":[{"embeddable":true,"href":"https:\/\/zjarr.tv\/en\/wp-json\/wp\/v2\/media\/284010"}],"wp:attachment":[{"href":"https:\/\/zjarr.tv\/en\/wp-json\/wp\/v2\/media?parent=284009"}],"wp:term":[{"taxonomy":"category","embeddable":true,"href":"https:\/\/zjarr.tv\/en\/wp-json\/wp\/v2\/categories?post=284009"},{"taxonomy":"post_tag","embeddable":true,"href":"https:\/\/zjarr.tv\/en\/wp-json\/wp\/v2\/tags?post=284009"}],"curies":[{"name":"wp","href":"https:\/\/api.w.org\/{rel}","templated":true}]}}