{"id":284013,"date":"2022-09-13T08:55:51","date_gmt":"2022-09-13T06:55:51","guid":{"rendered":"https:\/\/zjarr.tv\/?p=284013"},"modified":"2022-09-13T08:55:51","modified_gmt":"2022-09-13T06:55:51","slug":"eshte-nun-i-vajzes-time-e-kam-si-vella-balluku-do-e-mbeshtes-veliajn-per-mandatin-e-trete-ne-krye-te-bashkise-se-tiranes","status":"publish","type":"post","link":"https:\/\/zjarr.tv\/en\/eshte-nun-i-vajzes-time-e-kam-si-vella-balluku-do-e-mbeshtes-veliajn-per-mandatin-e-trete-ne-krye-te-bashkise-se-tiranes\/","title":{"rendered":"\u201c\u00cbsht\u00eb nun i vajz\u00ebs time, e kam si v\u00eblla\u201d- Balluku: Do e mb\u00ebshtes Veliajn p\u00ebr mandatin e tret\u00eb n\u00eb krye t\u00eb Bashkis\u00eb s\u00eb Tiran\u00ebs"},"content":{"rendered":"<p>Z\u00ebvend\u00ebskryeministrja dhe ministrja e Infrastruktur\u00ebs dhe Energjis\u00eb, Belinda Balluku ka deklaruar se do t\u00eb mb\u00ebshtes\u00eb Erion Veliajn n\u00eb nj\u00eb mandat t\u00eb tret\u00eb p\u00ebr kryetar t\u00eb bashkis\u00eb Tiran\u00eb.<br \/>\nE ftuar n\u00eb emisionin \u201cNow\u201d n\u00eb Euronews Albania, Balluku doli p\u00ebrtej politikes, duke th\u00ebn\u00eb se Veliaj \u00ebsht\u00eb nj\u00eb person i r\u00ebnd\u00ebsish\u00ebm p\u00ebr f\u00ebmij\u00ebt e saj, pasi ai \u00ebsht\u00eb nun i vajz\u00ebs.<\/p>\n<p>M\u00eb tej, zv\/kryeministrja u shpreh se Veliaj ka mb\u00ebshtetjen e \u00e7do drejtuesi politik n\u00eb Partin\u00eb Socialiste, nd\u00ebrsa vler\u00ebsoi pun\u00ebn e tij n\u00eb krye t\u00eb bashkis\u00eb s\u00eb Tiran\u00ebs.<\/p>\n<p>\u201cErioni ka shk\u00eblqyer n\u00eb drejtimin e Bashkis\u00eb s\u00eb Tiran\u00ebs dhe fakti dhe popullariteti i tij tregon se e ka b\u00ebr\u00eb pun\u00ebn shum\u00eb mir\u00eb. Ka mund\u00ebsi q\u00eb ta b\u00ebj\u00eb akoma m\u00eb mir\u00eb n\u00eb 4-vje\u00e7arin tjet\u00ebr. Ai ka t\u00ebr\u00eb mb\u00ebshtetjen ton\u00eb, t\u00eb \u00e7do drejtuesi politik n\u00eb PS t\u00eb \u00e7do an\u00ebtari t\u00eb PS dhe p\u00ebrve\u00e7se k\u00ebto jan\u00eb saga mediatike q\u00eb un\u00eb e kuptoj q\u00eb duhen nga pak p\u00ebr t\u00eb b\u00ebr\u00eb m\u00eb interesante jet\u00ebn politike n\u00eb vend dhe her\u00eb pas here m\u00eb p\u00ebrmendet mua emri i Erionit, po un\u00eb po gjej rastin, nuk isha pyetur direkt p\u00ebr marr\u00ebdh\u00ebnien me t\u00eb, un\u00eb po gjej rastin t\u00eb them: Ne jemi dy njer\u00ebz q\u00eb kemi lidhje me nj\u00ebri-tjetrin jasht\u00eb politike. Jemi njer\u00ebz q\u00eb na bashkojn\u00eb familjet tona. Erioni \u00ebsht\u00eb nj\u00eb person i cili \u00ebsht\u00eb i r\u00ebnd\u00ebsish\u00ebm dhe p\u00ebr f\u00ebmij\u00ebt e mi, pasi \u00ebsht\u00eb nun i vajz\u00ebs time. Takohemi edhe gjat\u00eb fundjav\u00ebs p\u00ebr t\u00eb ngr\u00ebn\u00eb m\u00ebngjes me nj\u00ebri-tjetrin.<\/p>\n<p>Un\u00eb e kam par\u00eb q\u00eb koh\u00ebt e fundit njer\u00ebzit na shikojn\u00eb edhe me \u00e7udi pra duke d\u00ebgjuar gj\u00ebra q\u00eb ndodhin n\u00eb media q\u00eb ndonj\u00ebher\u00eb un\u00eb nuk informohem dhe as ai nuk informohet dhe ajo q\u00eb na ndodh \u00ebsht\u00eb kur ulemi nj\u00eb t\u00eb shtun\u00eb n\u00eb m\u00ebngjes p\u00ebr t\u00eb folur p\u00ebr pun\u00ebn dhe p\u00ebr t\u00eb ngr\u00ebn\u00eb m\u00ebngjes me nj\u00ebri tjetrin, p\u00ebr t\u00eb folur dhe p\u00ebr gj\u00ebra familjare, shikojm\u00eb njer\u00ebz q\u00eb na shohin \u00e7uditsh\u00ebm dhe pastaj kuptojm\u00eb q\u00eb di\u00e7ka ka dal\u00eb n\u00eb media por q\u00eb asgj\u00eb nuk \u00ebsht\u00eb e v\u00ebrtet\u00eb nga t\u00eb gjitha k\u00ebto. Jemi shok\u00eb t\u00eb mir\u00eb dhe e gjith\u00eb kjo telenovela mediatike un\u00eb shpresoj q\u00eb t\u00eb sh\u00ebrbej\u00eb p\u00ebr t\u00eb pasur lajme por q\u00eb nuk ka asnj\u00eb baz\u00eb t\u00eb v\u00ebrtet\u00eb dhe asnj\u00ebher\u00eb as un\u00eb as ai nuk jemi ndikuar nga ato q\u00eb thuhen n\u00eb media\u201d, tha Balluku.<\/p>","protected":false},"excerpt":{"rendered":"<p>Z\u00ebvend\u00ebskryeministrja dhe ministrja e Infrastruktur\u00ebs dhe Energjis\u00eb, Belinda Balluku ka deklaruar se do t\u00eb mb\u00ebshtes\u00eb Erion Veliajn n\u00eb nj\u00eb mandat t\u00eb tret\u00eb p\u00ebr kryetar t\u00eb bashkis\u00eb Tiran\u00eb. E ftuar n\u00eb emisionin \u201cNow\u201d n\u00eb Euronews Albania, Balluku doli p\u00ebrtej politikes, duke th\u00ebn\u00eb se Veliaj \u00ebsht\u00eb nj\u00eb person i r\u00ebnd\u00ebsish\u00ebm p\u00ebr f\u00ebmij\u00ebt e saj, pasi ai \u00ebsht\u00eb [&hellip;]<\/p>\n","protected":false},"author":2031,"featured_media":284014,"comment_status":"closed","ping_status":"closed","sticky":false,"template":"","format":"standard","meta":{"footnotes":""},"categories":[241,231,235],"tags":[],"class_list":{"0":"post-284013","1":"post","2":"type-post","3":"status-publish","4":"format-standard","5":"has-post-thumbnail","7":"category-aktualitet","8":"category-lajme","9":"category-vendi"},"_links":{"self":[{"href":"https:\/\/zjarr.tv\/en\/wp-json\/wp\/v2\/posts\/284013","targetHints":{"allow":["GET"]}}],"collection":[{"href":"https:\/\/zjarr.tv\/en\/wp-json\/wp\/v2\/posts"}],"about":[{"href":"https:\/\/zjarr.tv\/en\/wp-json\/wp\/v2\/types\/post"}],"author":[{"embeddable":true,"href":"https:\/\/zjarr.tv\/en\/wp-json\/wp\/v2\/users\/2031"}],"replies":[{"embeddable":true,"href":"https:\/\/zjarr.tv\/en\/wp-json\/wp\/v2\/comments?post=284013"}],"version-history":[{"count":0,"href":"https:\/\/zjarr.tv\/en\/wp-json\/wp\/v2\/posts\/284013\/revisions"}],"wp:featuredmedia":[{"embeddable":true,"href":"https:\/\/zjarr.tv\/en\/wp-json\/wp\/v2\/media\/284014"}],"wp:attachment":[{"href":"https:\/\/zjarr.tv\/en\/wp-json\/wp\/v2\/media?parent=284013"}],"wp:term":[{"taxonomy":"category","embeddable":true,"href":"https:\/\/zjarr.tv\/en\/wp-json\/wp\/v2\/categories?post=284013"},{"taxonomy":"post_tag","embeddable":true,"href":"https:\/\/zjarr.tv\/en\/wp-json\/wp\/v2\/tags?post=284013"}],"curies":[{"name":"wp","href":"https:\/\/api.w.org\/{rel}","templated":true}]}}