{"id":284030,"date":"2022-09-13T09:16:20","date_gmt":"2022-09-13T07:16:20","guid":{"rendered":"https:\/\/zjarr.tv\/?p=284030"},"modified":"2022-09-13T09:16:20","modified_gmt":"2022-09-13T07:16:20","slug":"te-pavaksinuarit-jane-superheronj","status":"publish","type":"post","link":"https:\/\/zjarr.tv\/en\/te-pavaksinuarit-jane-superheronj\/","title":{"rendered":"T\u00cb PAVAKSINUARIT JAN\u00cb SUPERHERONJ"},"content":{"rendered":"<p>Kastriot \u00c7ipi<\/p>\n<p>Mesazhi i gjeneralit Christian Blanchon p\u00ebr nder t\u00eb t\u00eb pavaksinuarve<\/p>\n<p>10 shtator 2022<\/p>\n<p>Ata jan\u00eb aty, pran\u00eb jush, duken normal\u00eb, por ata jan\u00eb superheronj.<\/p>\n<p>Edhe n\u00ebse do t\u00eb isha plot\u00ebsisht i vaksinuar, do t\u2019i admiroja t\u00eb pavaksinuarit, p\u00ebr p\u00ebrballimin e presionit m\u00eb t\u00eb madh, q\u00eb kam par\u00eb ndonj\u00ebher\u00eb, p\u00ebrfshir\u00eb nga bashk\u00ebshort\u00ebt, prind\u00ebt, f\u00ebmij\u00ebt, miqt\u00eb, koleg\u00ebt dhe mjek\u00ebt.<\/p>\n<p>Njer\u00ebzit q\u00eb kan\u00eb qen\u00eb t\u00eb aft\u00eb p\u00ebr nj\u00eb personalitet t\u00eb till\u00eb, nj\u00eb guxim t\u00eb till\u00eb dhe nj\u00eb aft\u00ebsi t\u00eb till\u00eb kritike, padyshim mish\u00ebrojn\u00eb m\u00eb t\u00eb mir\u00ebn e njer\u00ebzimit.<\/p>\n<p>Ata gjenden kudo, n\u00eb t\u00eb gjitha moshat, nivelet e arsimit, shtetet dhe opinionet.<\/p>\n<p>Ata jan\u00eb t\u00eb nj\u00eb lloji t\u00eb ve\u00e7ant\u00eb. Jan\u00eb ushtar\u00ebt, q\u00eb \u00e7do ushtri e drit\u00ebs d\u00ebshiron t\u00eb ket\u00eb n\u00eb radh\u00ebt e saj.<\/p>\n<p>Ata jan\u00eb prind\u00ebt, q\u00eb \u00e7do f\u00ebmij\u00eb d\u00ebshiron t\u00eb ket\u00eb dhe f\u00ebmij\u00ebt q\u00eb \u00e7do prind \u00ebnd\u00ebrron t\u00eb ket\u00eb.<\/p>\n<p>Jan\u00eb qenie mbi mesataren e shoq\u00ebrive t\u00eb tyre. Jan\u00eb thelbi i popujve, q\u00eb kan\u00eb nd\u00ebrtuar t\u00eb gjitha kulturat dhe kan\u00eb pushtuar horizonte.<\/p>\n<p>Ata jan\u00eb aty, pran\u00eb jush. Duken normal\u00eb, por jan\u00eb superheronj.<\/p>\n<p>Ata b\u00ebn\u00eb at\u00eb, q\u00eb t\u00eb tjer\u00ebt nuk mund\u00ebn. Ishin pema, q\u00eb i rezistoi uraganit t\u00eb fyerjeve, diskriminimit dhe p\u00ebrjashtimit social.<\/p>\n<p>Dhe ata e b\u00ebn\u00eb k\u00ebt\u00eb, sepse mendonin se ishin vet\u00ebm dhe besonin se ishin vet\u00ebm.<\/p>\n<p>T\u00eb p\u00ebrjashtuar nga tryezat e Krishtlindjeve t\u00eb familjeve t\u00eb tyre, ata nuk kan\u00eb par\u00eb kurr\u00eb di\u00e7ka kaq mizore. Ata humb\u00ebn pun\u00ebn, lan\u00eb karrier\u00ebn e tyre t\u00eb fundoset, nuk kishin m\u00eb para\u2026 por nuk u interesonte. Ata p\u00ebsuan diskriminime t\u00eb pamata, denoncime, tradhti dhe posht\u00ebrime\u2026 por vazhduan.<\/p>\n<p>Asnj\u00ebher\u00eb m\u00eb par\u00eb, njer\u00ebzimi nuk ka provuar nj\u00eb p\u00ebrzgjedhje t\u00eb till\u00eb personazhesh. Tani e dim\u00eb se cil\u00ebt jan\u00eb rezistent\u00ebt n\u00eb planetin Tok\u00eb.<\/p>\n<p>Gra, burra, t\u00eb moshuar, t\u00eb rinj, t\u00eb pasur, t\u00eb varf\u00ebr, t\u00eb t\u00eb gjitha racave dhe feve, t\u00eb pavaksinuarit, t\u00eb zgjedhurit e ark\u00ebs s\u00eb padukshme, t\u00eb vetmit q\u00eb arrit\u00ebn t\u00eb rezistonin, kur gjith\u00e7ka u shemb.<\/p>\n<p>Je ti! Ke kaluar nj\u00eb prov\u00eb t\u00eb paimagjinueshme, q\u00eb nuk mund ta kalonin shum\u00eb nga marins\u00ebt m\u00eb t\u00eb ashp\u00ebr, komandot, beretat e gjelbra, astronaut\u00ebt dhe gjenit\u00eb.<\/p>\n<p>Ju jeni b\u00ebr\u00eb nga gj\u00ebrat m\u00eb t\u00eb m\u00ebdha, q\u00eb kan\u00eb jetuar ndonj\u00ebher\u00eb. Heronj t\u00eb lindur mes njer\u00ebzve t\u00eb zakonsh\u00ebm q\u00eb shk\u00eblqejn\u00eb n\u00eb err\u00ebsir\u00eb.<\/p>\n<p>Christian Blanchon , gjeneral i ushtris\u00eb franceze<\/p>","protected":false},"excerpt":{"rendered":"<p>Kastriot \u00c7ipi Mesazhi i gjeneralit Christian Blanchon p\u00ebr nder t\u00eb t\u00eb pavaksinuarve 10 shtator 2022 Ata jan\u00eb aty, pran\u00eb jush, duken normal\u00eb, por ata jan\u00eb superheronj. Edhe n\u00ebse do t\u00eb isha plot\u00ebsisht i vaksinuar, do t\u2019i admiroja t\u00eb pavaksinuarit, p\u00ebr p\u00ebrballimin e presionit m\u00eb t\u00eb madh, q\u00eb kam par\u00eb ndonj\u00ebher\u00eb, p\u00ebrfshir\u00eb nga bashk\u00ebshort\u00ebt, prind\u00ebt, f\u00ebmij\u00ebt, [&hellip;]<\/p>\n","protected":false},"author":2031,"featured_media":284032,"comment_status":"closed","ping_status":"closed","sticky":false,"template":"","format":"standard","meta":{"footnotes":""},"categories":[241,364],"tags":[],"class_list":{"0":"post-284030","1":"post","2":"type-post","3":"status-publish","4":"format-standard","5":"has-post-thumbnail","7":"category-aktualitet","8":"category-koment-opinion"},"_links":{"self":[{"href":"https:\/\/zjarr.tv\/en\/wp-json\/wp\/v2\/posts\/284030","targetHints":{"allow":["GET"]}}],"collection":[{"href":"https:\/\/zjarr.tv\/en\/wp-json\/wp\/v2\/posts"}],"about":[{"href":"https:\/\/zjarr.tv\/en\/wp-json\/wp\/v2\/types\/post"}],"author":[{"embeddable":true,"href":"https:\/\/zjarr.tv\/en\/wp-json\/wp\/v2\/users\/2031"}],"replies":[{"embeddable":true,"href":"https:\/\/zjarr.tv\/en\/wp-json\/wp\/v2\/comments?post=284030"}],"version-history":[{"count":0,"href":"https:\/\/zjarr.tv\/en\/wp-json\/wp\/v2\/posts\/284030\/revisions"}],"wp:featuredmedia":[{"embeddable":true,"href":"https:\/\/zjarr.tv\/en\/wp-json\/wp\/v2\/media\/284032"}],"wp:attachment":[{"href":"https:\/\/zjarr.tv\/en\/wp-json\/wp\/v2\/media?parent=284030"}],"wp:term":[{"taxonomy":"category","embeddable":true,"href":"https:\/\/zjarr.tv\/en\/wp-json\/wp\/v2\/categories?post=284030"},{"taxonomy":"post_tag","embeddable":true,"href":"https:\/\/zjarr.tv\/en\/wp-json\/wp\/v2\/tags?post=284030"}],"curies":[{"name":"wp","href":"https:\/\/api.w.org\/{rel}","templated":true}]}}