{"id":284035,"date":"2022-09-13T09:27:57","date_gmt":"2022-09-13T07:27:57","guid":{"rendered":"https:\/\/zjarr.tv\/?p=284035"},"modified":"2022-09-13T09:27:57","modified_gmt":"2022-09-13T07:27:57","slug":"sazan-guri-zbulon-prejardhjen-e-rames-ja-pse-vishet-si-sarakacan","status":"publish","type":"post","link":"https:\/\/zjarr.tv\/en\/sazan-guri-zbulon-prejardhjen-e-rames-ja-pse-vishet-si-sarakacan\/","title":{"rendered":"Sazan Guri zbulon prejardhjen e Ram\u00ebs: Ja pse vishet si \u201csaraka\u00e7an\u201d"},"content":{"rendered":"<p>Studiuesi Sazan Guri, i ftuar n\u00eb emisionin \u201cAbc-ja e m\u00ebngjesit\u201d, ku ndau m\u00eb shum\u00eb detaje p\u00ebr librin m\u00eb t\u00eb ri \u201cPellazg\u00ebt, epirot\u00ebt, dhesprot\u00ebt dhe \u00e7amiot\u00ebt\u201d. Mes t\u00eb tjerash, ai pati nj\u00eb koment p\u00ebr prejardhjen e kryeministrit Edi Rama. Sipas tij, ai \u00ebsht\u00eb Sarakatsan dhe k\u00ebt\u00eb e lidh dhe me m\u00ebnyr\u00ebn se si vishet.<\/p>\n<p>\u201cRama \u00ebsht\u00eb saraka\u00e7an. N\u00eb 1800, shum\u00eb agallar\u00eb n\u00eb Shqip\u00ebri mor\u00ebn njer\u00ebz nga Anadolli, pa fe. K\u00ebto sh\u00ebrbyen n\u00eb tokat e bejler\u00ebve. Mor\u00ebn dhe mbiemra t\u00eb pun\u00ebs dhe zanatit q\u00eb b\u00ebnin. M\u00eb pas u shp\u00ebrndan\u00eb dhe nj\u00eb nga k\u00ebto \u00ebsht\u00eb lagjja Stan e Durr\u00ebsit. Prandaj i p\u00eblqen q\u00eb t\u00eb vishet si saraka\u00e7an. Jo se ka mod\u00eb.\u201d, tha ai. \/abcnews.al<\/p>","protected":false},"excerpt":{"rendered":"<p>Studiuesi Sazan Guri, i ftuar n\u00eb emisionin \u201cAbc-ja e m\u00ebngjesit\u201d, ku ndau m\u00eb shum\u00eb detaje p\u00ebr librin m\u00eb t\u00eb ri \u201cPellazg\u00ebt, epirot\u00ebt, dhesprot\u00ebt dhe \u00e7amiot\u00ebt\u201d. Mes t\u00eb tjerash, ai pati nj\u00eb koment p\u00ebr prejardhjen e kryeministrit Edi Rama. Sipas tij, ai \u00ebsht\u00eb Sarakatsan dhe k\u00ebt\u00eb e lidh dhe me m\u00ebnyr\u00ebn se si vishet. \u201cRama \u00ebsht\u00eb [&hellip;]<\/p>\n","protected":false},"author":2031,"featured_media":159652,"comment_status":"closed","ping_status":"closed","sticky":false,"template":"","format":"standard","meta":{"footnotes":""},"categories":[241,231,235],"tags":[],"class_list":{"0":"post-284035","1":"post","2":"type-post","3":"status-publish","4":"format-standard","5":"has-post-thumbnail","7":"category-aktualitet","8":"category-lajme","9":"category-vendi"},"_links":{"self":[{"href":"https:\/\/zjarr.tv\/en\/wp-json\/wp\/v2\/posts\/284035","targetHints":{"allow":["GET"]}}],"collection":[{"href":"https:\/\/zjarr.tv\/en\/wp-json\/wp\/v2\/posts"}],"about":[{"href":"https:\/\/zjarr.tv\/en\/wp-json\/wp\/v2\/types\/post"}],"author":[{"embeddable":true,"href":"https:\/\/zjarr.tv\/en\/wp-json\/wp\/v2\/users\/2031"}],"replies":[{"embeddable":true,"href":"https:\/\/zjarr.tv\/en\/wp-json\/wp\/v2\/comments?post=284035"}],"version-history":[{"count":0,"href":"https:\/\/zjarr.tv\/en\/wp-json\/wp\/v2\/posts\/284035\/revisions"}],"wp:featuredmedia":[{"embeddable":true,"href":"https:\/\/zjarr.tv\/en\/wp-json\/wp\/v2\/media\/159652"}],"wp:attachment":[{"href":"https:\/\/zjarr.tv\/en\/wp-json\/wp\/v2\/media?parent=284035"}],"wp:term":[{"taxonomy":"category","embeddable":true,"href":"https:\/\/zjarr.tv\/en\/wp-json\/wp\/v2\/categories?post=284035"},{"taxonomy":"post_tag","embeddable":true,"href":"https:\/\/zjarr.tv\/en\/wp-json\/wp\/v2\/tags?post=284035"}],"curies":[{"name":"wp","href":"https:\/\/api.w.org\/{rel}","templated":true}]}}