{"id":285161,"date":"2022-09-15T21:19:04","date_gmt":"2022-09-15T19:19:04","guid":{"rendered":"https:\/\/zjarr.tv\/?p=285161"},"modified":"2022-09-15T21:19:04","modified_gmt":"2022-09-15T19:19:04","slug":"perplasja-e-taksise-me-shtyllen-ne-vlore-arrestohet-shoferi-54-vjecar-policia-ishte-i-dehur-ne-timon","status":"publish","type":"post","link":"https:\/\/zjarr.tv\/en\/perplasja-e-taksise-me-shtyllen-ne-vlore-arrestohet-shoferi-54-vjecar-policia-ishte-i-dehur-ne-timon\/","title":{"rendered":"P\u00ebrplasja e taksis\u00eb me shtyll\u00ebn n\u00eb Vlor\u00eb, arrestohet shoferi 54-vje\u00e7ar. Policia: Ishte i dehur n\u00eb timon"},"content":{"rendered":"<p>Policia e Vlor\u00ebs ka arrestuar shoferin e taksis\u00eb q\u00eb u aksidentua k\u00ebt\u00eb t\u00eb enjte n\u00eb zon\u00ebn e Nart\u00ebs, ku u plagos\u00ebn 5 persona mes t\u00eb cil\u00ebve dhe dy f\u00ebmij\u00eb.<br \/>\nShkak p\u00ebr arrestimin e shoferit 54-vje\u00e7ar \u00ebsht\u00eb b\u00ebr\u00eb kryerja e testit t\u00eb alkoolit, n\u00eb t\u00eb cilin ai ka rezultuar pozitiv.<\/p>\n<p>Vlor\u00eb<\/p>\n<p>N\u00eb vijim t\u00eb veprimeve, n\u00eb lidhje me aksidentin e ndodhur gjat\u00eb dit\u00ebs s\u00eb sotme, n\u00eb fshatin Nart\u00eb, ku shtetasi S. D, duke drejtuar automjetin tip \u201cBenz\u201d (taksi), n\u00eb t\u00eb cil\u00ebn udh\u00ebtonte me  bashk\u00ebshorten, 2 f\u00ebmij\u00ebt e tij dhe 2 t\u00eb af\u00ebrm t\u00eb tjer\u00eb, t\u00eb cil\u00ebt ndodhen n\u00eb spital, jasht\u00eb rrezikut p\u00ebr jet\u00ebn, ka humbur kontrollin e automjetit dhe si pasoj\u00eb \u00ebsht\u00eb p\u00ebrplasur me nj\u00eb shtyll\u00eb, ju informojm\u00eb se:<\/p>\n<p>Nga specialist\u00ebt p\u00ebr Qarkullimin Rrugor n\u00eb DVP Vlor\u00eb, u b\u00eb arrestimi n\u00eb flagranc\u00eb p\u00ebr veprat penale \u201cShkelja e rregullave t\u00eb qarkullimit rrugor\u201d dhe \u201cDrejtimi i automjeteve n\u00eb m\u00ebnyr\u00eb t\u00eb parregullt\u201d i shtetasit S. D, 54 vje\u00e7, banues n\u00eb Vlor\u00eb, i cili pas kryerjes s\u00eb testit t\u00eb alkoolit ka rezultuar se drejtonte mjetin n\u00eb gjendje t\u00eb dehur n\u00eb mas\u00ebn 0.987 mg\/l.<\/p>\n<p>Materialet i kaluan Prokuroris\u00eb, p\u00ebr veprime t\u00eb m\u00ebtejshme.<\/p>","protected":false},"excerpt":{"rendered":"<p>Policia e Vlor\u00ebs ka arrestuar shoferin e taksis\u00eb q\u00eb u aksidentua k\u00ebt\u00eb t\u00eb enjte n\u00eb zon\u00ebn e Nart\u00ebs, ku u plagos\u00ebn 5 persona mes t\u00eb cil\u00ebve dhe dy f\u00ebmij\u00eb. Shkak p\u00ebr arrestimin e shoferit 54-vje\u00e7ar \u00ebsht\u00eb b\u00ebr\u00eb kryerja e testit t\u00eb alkoolit, n\u00eb t\u00eb cilin ai ka rezultuar pozitiv. Vlor\u00eb N\u00eb vijim t\u00eb veprimeve, n\u00eb [&hellip;]<\/p>\n","protected":false},"author":2031,"featured_media":155739,"comment_status":"closed","ping_status":"closed","sticky":false,"template":"","format":"standard","meta":{"footnotes":""},"categories":[241,231,235],"tags":[],"class_list":{"0":"post-285161","1":"post","2":"type-post","3":"status-publish","4":"format-standard","5":"has-post-thumbnail","7":"category-aktualitet","8":"category-lajme","9":"category-vendi"},"_links":{"self":[{"href":"https:\/\/zjarr.tv\/en\/wp-json\/wp\/v2\/posts\/285161","targetHints":{"allow":["GET"]}}],"collection":[{"href":"https:\/\/zjarr.tv\/en\/wp-json\/wp\/v2\/posts"}],"about":[{"href":"https:\/\/zjarr.tv\/en\/wp-json\/wp\/v2\/types\/post"}],"author":[{"embeddable":true,"href":"https:\/\/zjarr.tv\/en\/wp-json\/wp\/v2\/users\/2031"}],"replies":[{"embeddable":true,"href":"https:\/\/zjarr.tv\/en\/wp-json\/wp\/v2\/comments?post=285161"}],"version-history":[{"count":0,"href":"https:\/\/zjarr.tv\/en\/wp-json\/wp\/v2\/posts\/285161\/revisions"}],"wp:featuredmedia":[{"embeddable":true,"href":"https:\/\/zjarr.tv\/en\/wp-json\/wp\/v2\/media\/155739"}],"wp:attachment":[{"href":"https:\/\/zjarr.tv\/en\/wp-json\/wp\/v2\/media?parent=285161"}],"wp:term":[{"taxonomy":"category","embeddable":true,"href":"https:\/\/zjarr.tv\/en\/wp-json\/wp\/v2\/categories?post=285161"},{"taxonomy":"post_tag","embeddable":true,"href":"https:\/\/zjarr.tv\/en\/wp-json\/wp\/v2\/tags?post=285161"}],"curies":[{"name":"wp","href":"https:\/\/api.w.org\/{rel}","templated":true}]}}