{"id":285185,"date":"2022-09-15T22:08:56","date_gmt":"2022-09-15T20:08:56","guid":{"rendered":"https:\/\/zjarr.tv\/?p=285185"},"modified":"2022-09-15T22:08:56","modified_gmt":"2022-09-15T20:08:56","slug":"vokshi-debat-me-manastirliun-skeni-siguruar-ilacet-per-femijet-me-leucemi-e-tumor-po-abuzoni","status":"publish","type":"post","link":"https:\/\/zjarr.tv\/en\/vokshi-debat-me-manastirliun-skeni-siguruar-ilacet-per-femijet-me-leucemi-e-tumor-po-abuzoni\/","title":{"rendered":"Vokshi debat me Manastirliun: S&#8217;keni siguruar ila\u00e7et p\u00ebr f\u00ebmij\u00ebt me leucemi e tumor, po abuzoni!"},"content":{"rendered":"<p>Nj\u00eb debat \u00ebsht\u00eb zhvilluar n\u00eb Kuvend mes deputetes demokrate Albana Vokshi dhe ministres s\u00eb Sh\u00ebndet\u00ebsis\u00eb, Ogerta Manastirliu.<\/p>\n<p>Nga foltorja e Kuvendit, Vokshi akuzoi ministren se nuk i \u00ebsht\u00eb p\u00ebrgjigjur p\u00ebr disa pyetje q\u00eb ajo i ka d\u00ebrguar ministris\u00eb, ku nd\u00ebr to ve\u00e7oi munges\u00ebn e ila\u00e7eve p\u00ebr f\u00ebmij\u00ebt me leucemi dhe tumor.<\/p>\n<p>I menj\u00ebhersh\u00ebm ka qen\u00eb reagimi i ministres, Ogerta Manastirliu, e cila i tha Vokshit se t\u00eb gjitha pyetjet q\u00eb i ka drejtuar Ministris\u00eb do t\u00eb marrin p\u00ebrgjigje, por duhet t\u00eb pres\u00eb sipas afateve ligjore.<\/p>\n<p>Vokshi e cil\u00ebsoi gjuh\u00ebn e ministres si shantazhuese, nd\u00ebrsa tha se ajo do t\u00eb p\u00ebrfundoj\u00eb n\u00eb SPAK n\u00ebse vijon me abuzimet.<\/p>\n<p>Debati n\u00eb Kuvend: <\/p>\n<p>Albana Vokshi: I kam k\u00ebrkuar ministris\u00eb s\u00eb Drejt\u00ebsis\u00eb informacion p\u00ebr shembjet q\u00eb po b\u00ebhen n\u00eb zon\u00ebn e Laprak\u00ebs dhe s\u2019kam marr\u00eb informacion.<\/p>\n<p>Albana Vokshi: T\u00eb lutem zoti minist\u00ebr ruajeni qet\u00ebsin\u00eb. Nuk po tregoni t\u00eb v\u00ebrtet\u00ebn, keni refuzar dy her\u00eb. N\u00eb fillim that\u00eb t\u00eb pyes ministr\u00ebn e Arsimit, a e ka marr\u00eb p\u00ebrsip\u00ebr raportin tim. I kam k\u00ebrkuar ministres s\u00eb Sh\u00ebndet\u00ebsis\u00eb informacion p\u00ebr check-up dhe nuk jep p\u00ebrgjigje. Duan t\u00eb fshehin bab\u00ebzin\u00eb dhe korrupsionin. I kam k\u00ebrkuar informacion p\u00ebr ila\u00e7et e f\u00ebmij\u00ebve t\u00eb s\u00ebmur\u00eb me leu\u00e7emi dhe s\u2019kam marr\u00eb asnj\u00eb informacion. Prind\u00ebrit kan\u00eb vite q\u00eb vuajn\u00eb se nuk gjejn\u00eb ila\u00e7e. K\u00ebtoi jan\u00eb standartet europiane. Partia Demokratike do t\u00eb votoj\u00eb pro \u00e7do marr\u00ebveshje q\u00eb synon t\u00eb \u00e7oj\u00eb p\u00ebrparea integrimin europian q\u00eb \u00ebsht\u00eb vonuar p\u00ebr shkak t\u00eb korrupsionit t\u00eb k\u00ebsaj qeverie. Nj\u00eb shkoll\u00eb europiane kushton 600 mij\u00eb euro nd\u00ebrsa nj\u00eb shkoll\u00eb me standartin e Veliajt kushton 6 milion euro.<\/p>\n<p>Ogerta Manastriliu: Balta politike nuk ndalet. Duhet durim p\u00ebr t\u00eb marr\u00eb informacion e k\u00ebrkuar. Un\u00eb e kuptoj q\u00eb ju sot b\u00ebni sikur se doni t\u00eb gjeni nj\u00eb kauz\u00eb. Sa p\u00ebr sh\u00ebndetin e f\u00ebmij\u00ebve dhe sh\u00ebndetin e gjith\u00eb qytetar\u00ebve shqiptare\u00eb ne ja kemi dal\u00eb q\u00eb transformimi i ssitemit sh\u00ebndet\u00ebsore t\u00eb ndihen nga fshatrat n\u00eb qytet. Dhe n\u00eb koh\u00eb t\u00eb v\u00ebshtira pagat po rriten. Kur vjen e flet k\u00ebtu duhet t\u00eb dish mir\u00eb me k\u00eb flet p\u00ebr k\u00eb flet dhe me \u00e7far\u00eb flet. T\u00eb jeni t\u00eb qart\u00eb dhe n\u00eb p\u00ebrgjigje t\u00eb gjith\u00eb atyre shkresave q\u00eb keni sjell\u00eb, p\u00ebrgjigjen do e merrni n\u00eb koh\u00eb. T\u00eb jeni t\u00eb bindur q\u00eb f\u00ebmij\u00ebt n\u00eb spitalet tona trajtohen sipas procedur\u00ebs dhe mb\u00ebshtesim me fonde buxhertaro t\u00eb gjitha k\u00ebrke\u00ebsat q\u00eb vijn\u00eb p\u00ebr trajtime. Jeni b\u00ebr\u00eb bajt, qytetar\u00ebt e din\u00eb, d\u00ebshtimi juaj vazhdon sa her\u00eb q\u00eb zgjedhjet jan\u00eb, kini durim dhe shihni informacionet dhe do ballafaqohemi me t\u00eb v\u00ebrtetat. M\u00eb thuaj me k\u00eb rri t\u00eb t\u00eb them se kush je.<\/p>\n<p>Albana Vokshi: Ministrja e pranoi vet\u00eb q\u00eb nuk ka kthyer p\u00ebrgjigje. Gjuha e dhuinshme apo shantazhuse e ministres nuk i jep t\u00eb drejt\u00eb. Ka 4 vjet q\u00eb ministrja nuk ka siguruar kura, a jeni n\u00ebna, p\u00ebrgjigjuni k\u00ebsaj pyetje. Do shkojm\u00eb n\u00eb SPAK, n\u00eb prokurori, paraardh\u00ebsi juaj \u00ebsht\u00eb n\u00eb SPAK dhe ju atje do t\u00eb shkoni. Mos p\u00ebrdorni gjuh\u00eb shantazhese ndaj nesh se un\u00eb e di mir\u00eb se k\u00eb kam p\u00ebrball\u00eb dhe me k\u00eb flas. Mos vazhdoni ta b\u00ebni.<\/p>\n<p>Ermonela Felaj: Teknika i nd\u00ebrprisni fjal\u00ebn Vokshi. Uluni dhe kthemi tek rendi dit\u00ebs.<\/p>","protected":false},"excerpt":{"rendered":"<p>Nj\u00eb debat \u00ebsht\u00eb zhvilluar n\u00eb Kuvend mes deputetes demokrate Albana Vokshi dhe ministres s\u00eb Sh\u00ebndet\u00ebsis\u00eb, Ogerta Manastirliu. Nga foltorja e Kuvendit, Vokshi akuzoi ministren se nuk i \u00ebsht\u00eb p\u00ebrgjigjur p\u00ebr disa pyetje q\u00eb ajo i ka d\u00ebrguar ministris\u00eb, ku nd\u00ebr to ve\u00e7oi munges\u00ebn e ila\u00e7eve p\u00ebr f\u00ebmij\u00ebt me leucemi dhe tumor. I menj\u00ebhersh\u00ebm ka qen\u00eb [&hellip;]<\/p>\n","protected":false},"author":2031,"featured_media":285186,"comment_status":"closed","ping_status":"closed","sticky":false,"template":"","format":"standard","meta":{"footnotes":""},"categories":[241,231,235],"tags":[],"class_list":{"0":"post-285185","1":"post","2":"type-post","3":"status-publish","4":"format-standard","5":"has-post-thumbnail","7":"category-aktualitet","8":"category-lajme","9":"category-vendi"},"_links":{"self":[{"href":"https:\/\/zjarr.tv\/en\/wp-json\/wp\/v2\/posts\/285185","targetHints":{"allow":["GET"]}}],"collection":[{"href":"https:\/\/zjarr.tv\/en\/wp-json\/wp\/v2\/posts"}],"about":[{"href":"https:\/\/zjarr.tv\/en\/wp-json\/wp\/v2\/types\/post"}],"author":[{"embeddable":true,"href":"https:\/\/zjarr.tv\/en\/wp-json\/wp\/v2\/users\/2031"}],"replies":[{"embeddable":true,"href":"https:\/\/zjarr.tv\/en\/wp-json\/wp\/v2\/comments?post=285185"}],"version-history":[{"count":0,"href":"https:\/\/zjarr.tv\/en\/wp-json\/wp\/v2\/posts\/285185\/revisions"}],"wp:featuredmedia":[{"embeddable":true,"href":"https:\/\/zjarr.tv\/en\/wp-json\/wp\/v2\/media\/285186"}],"wp:attachment":[{"href":"https:\/\/zjarr.tv\/en\/wp-json\/wp\/v2\/media?parent=285185"}],"wp:term":[{"taxonomy":"category","embeddable":true,"href":"https:\/\/zjarr.tv\/en\/wp-json\/wp\/v2\/categories?post=285185"},{"taxonomy":"post_tag","embeddable":true,"href":"https:\/\/zjarr.tv\/en\/wp-json\/wp\/v2\/tags?post=285185"}],"curies":[{"name":"wp","href":"https:\/\/api.w.org\/{rel}","templated":true}]}}