{"id":288449,"date":"2022-09-27T17:48:03","date_gmt":"2022-09-27T15:48:03","guid":{"rendered":"https:\/\/zjarr.tv\/?p=288449"},"modified":"2022-09-27T17:48:03","modified_gmt":"2022-09-27T15:48:03","slug":"mbyllja-e-institucioneve-arsimore-te-turgut-ozal-berisha-rama-nuk-ka-ndjenja-per-shqiptaret-u-mbylli-kopshtin-255-femijeve-te-birin-e-mban-me-3-dado","status":"publish","type":"post","link":"https:\/\/zjarr.tv\/en\/mbyllja-e-institucioneve-arsimore-te-turgut-ozal-berisha-rama-nuk-ka-ndjenja-per-shqiptaret-u-mbylli-kopshtin-255-femijeve-te-birin-e-mban-me-3-dado\/","title":{"rendered":"Mbyllja e institucioneve arsimore t\u00eb \u201cTurgut Ozal\u201d- Berisha: Rama nuk ka ndjenja p\u00ebr shqiptar\u00ebt! U mbylli kopshtin 255 f\u00ebmij\u00ebve, t\u00eb birin e mban me 3 dado"},"content":{"rendered":"<p>Berisha e cil\u00ebsoi nj\u00eb veprim \u00e7njer\u00ebzor vendimin e qeveris\u00eb Rama p\u00ebr mbylljen e kopshtit t\u00eb Turgut Ozal, \u201cZubeyde Hanim\u201d dhe shkoll\u00ebs \u201cMehmet Akif\u201d.<\/p>\n<p><span data-preserver-spaces=\"true\">Gjat\u00eb nj\u00eb takimi me banor\u00eb t\u00eb Gramshit, ish-kryeministri theksoi se nuk mund t\u00eb mbyllet kopshti i f\u00ebmij\u00ebve dhe shkoll\u00ebs me standartet nga m\u00eb t\u00eb mirat.<\/span><\/p>\n<p><span data-preserver-spaces=\"true\">Sipas tij kjo tregon se kryeministri Rama nuk ka ndjenja p\u00ebr shqiptar\u00ebt.<\/span><\/p>\n<p><span data-preserver-spaces=\"true\">\u201cKosova i dha 100 euro \u00e7do pensionisti dhe studenti, dyfishoi ndihm\u00ebn ekonomike dhe i dha 50 euro \u00e7do punonj\u00ebsi n\u00eb administrat\u00eb. I dha 400 euro p\u00ebr hektar\u00eb grur\u00eb \u00e7do fermeri sepse i mori nga nafta. Ky nuk dha asnj\u00eb ndihm\u00eb! Biznesi nuk ekziston p\u00ebr t\u00eb. T\u00eb gjitha k\u00ebto jan\u00eb n\u00eb politik\u00ebn e shpopullimit. K\u00ebto jan\u00eb nj\u00eb realitet i pamohuesh\u00ebm. A duhet ta pranojm\u00eb ne k\u00ebt\u00eb? A duhet t\u00eb b\u00ebjm\u00eb sehir ndaj nj\u00eb njeriu q\u00eb ka marr\u00eb n\u00eb dor\u00eb t\u00eb gjitha pushtet, ndaj nj\u00eb njeriu q\u00eb vendos p\u00ebr \u00e7do gj\u00eb n\u00eb kund\u00ebrshtim me interesat e qytetar\u00ebve dhe interesat komb\u00ebtare.<\/span><\/p>\n<p><span data-preserver-spaces=\"true\">\u00cbsht\u00eb e domosdoshme q\u00eb t\u2019i japim k\u00ebtij p\u00ebrgjigjen q\u00eb meriton. Ky njeri nuk ka ndjenja p\u00ebr shqiptar\u00ebt. Nuk \u00ebsht\u00eb gj\u00eb e vog\u00ebl kjo. Mbylli kopshtin e 255 f\u00ebmij\u00ebve dhe sikur s\u2019ka ndodh asgj\u00eb dhe ka vet\u00eb nj\u00eb vog\u00eblush n\u00eb sht\u00ebpi, por me siguri e mban me tere dado, se \u00e7on n\u00eb kopsht. Si mund t\u2019ia mbyll\u00ebsh ti kopshtin 250 f\u00ebmij\u00ebve. Si mund ta mbyll\u00ebsh ti shkoll\u00ebn? Nj\u00eb qytetar nga Gramshi m\u00eb \u00e7oi nj\u00eb mesazh se kam vajz\u00ebn aty, se \u00ebsht\u00eb me konvikt, me standardet m\u00eb t\u00eb mira dhe ndihmon f\u00ebmij\u00ebt n\u00eb nevoj\u00eb.<\/span><\/p>\n<p><span data-preserver-spaces=\"true\">\u00c7far\u00eb u tha gjykat\u00ebsi sot? U lexoi at\u00eb q\u00eb i kishte dh\u00ebn\u00eb Edi Rama, nuk ka d\u00ebm ndaj vendimi mbeten n fuqi. Duhet t\u00eb kesh nj\u00eb mend\u00ebsi q\u00eb s\u2019ke ndjenja p\u00ebr qytetar\u00ebt q\u00eb t\u00eb thuash aty nuk ka d\u00ebm.<\/span><\/p>\n<p><span data-preserver-spaces=\"true\">Thirrja ime p\u00ebr ju dhe \u00e7do qytetar t\u00eb Gramshit dhe \u00e7do qytetar shqiptar \u00ebsht\u00eb t\u00eb vendosim t\u00eb shp\u00ebtojm\u00eb Gramshin dhe Shqip\u00ebrin\u00eb nga nj\u00eb rrokullisje\u201d, tha Berisha.<\/span><\/p>","protected":false},"excerpt":{"rendered":"<p>Berisha e cil\u00ebsoi nj\u00eb veprim \u00e7njer\u00ebzor vendimin e qeveris\u00eb Rama p\u00ebr mbylljen e kopshtit t\u00eb Turgut Ozal, \u201cZubeyde Hanim\u201d dhe shkoll\u00ebs \u201cMehmet Akif\u201d. Gjat\u00eb nj\u00eb takimi me banor\u00eb t\u00eb Gramshit, ish-kryeministri theksoi se nuk mund t\u00eb mbyllet kopshti i f\u00ebmij\u00ebve dhe shkoll\u00ebs me standartet nga m\u00eb t\u00eb mirat. Sipas tij kjo tregon se kryeministri Rama [&hellip;]<\/p>\n","protected":false},"author":2020,"featured_media":209459,"comment_status":"closed","ping_status":"closed","sticky":false,"template":"","format":"standard","meta":{"footnotes":""},"categories":[241,5380,231],"tags":[],"class_list":{"0":"post-288449","1":"post","2":"type-post","3":"status-publish","4":"format-standard","5":"has-post-thumbnail","7":"category-aktualitet","8":"category-kryesore","9":"category-lajme"},"_links":{"self":[{"href":"https:\/\/zjarr.tv\/en\/wp-json\/wp\/v2\/posts\/288449","targetHints":{"allow":["GET"]}}],"collection":[{"href":"https:\/\/zjarr.tv\/en\/wp-json\/wp\/v2\/posts"}],"about":[{"href":"https:\/\/zjarr.tv\/en\/wp-json\/wp\/v2\/types\/post"}],"author":[{"embeddable":true,"href":"https:\/\/zjarr.tv\/en\/wp-json\/wp\/v2\/users\/2020"}],"replies":[{"embeddable":true,"href":"https:\/\/zjarr.tv\/en\/wp-json\/wp\/v2\/comments?post=288449"}],"version-history":[{"count":0,"href":"https:\/\/zjarr.tv\/en\/wp-json\/wp\/v2\/posts\/288449\/revisions"}],"wp:featuredmedia":[{"embeddable":true,"href":"https:\/\/zjarr.tv\/en\/wp-json\/wp\/v2\/media\/209459"}],"wp:attachment":[{"href":"https:\/\/zjarr.tv\/en\/wp-json\/wp\/v2\/media?parent=288449"}],"wp:term":[{"taxonomy":"category","embeddable":true,"href":"https:\/\/zjarr.tv\/en\/wp-json\/wp\/v2\/categories?post=288449"},{"taxonomy":"post_tag","embeddable":true,"href":"https:\/\/zjarr.tv\/en\/wp-json\/wp\/v2\/tags?post=288449"}],"curies":[{"name":"wp","href":"https:\/\/api.w.org\/{rel}","templated":true}]}}