{"id":288455,"date":"2022-09-27T19:35:36","date_gmt":"2022-09-27T17:35:36","guid":{"rendered":"https:\/\/zjarr.tv\/?p=288455"},"modified":"2022-09-27T19:35:36","modified_gmt":"2022-09-27T17:35:36","slug":"instalacioni-te-kryeministria-rama-nuk-eshte-veper-arti-por-nje-projekt-energjie-te-rinovueshme-spo-behet-per-mua","status":"publish","type":"post","link":"https:\/\/zjarr.tv\/en\/instalacioni-te-kryeministria-rama-nuk-eshte-veper-arti-por-nje-projekt-energjie-te-rinovueshme-spo-behet-per-mua\/","title":{"rendered":"Instalacioni te Kryeministria, Rama: Nuk \u00ebsht\u00eb vep\u00ebr arti, por nj\u00eb projekt energjie t\u00eb rinovueshme, s\u2019po b\u00ebhet p\u00ebr mua"},"content":{"rendered":"<p>Kryeministri Edi Rama u pyet nga gazetar\u00ebt mbr\u00ebmjen e soteme p\u00ebr instalacionin me vler\u00eb 3.7 milion\u00eb euro q\u00eb do t\u00eb vendoset n\u00eb oborrin e Kryeministris\u00eb.<\/p>\n<p>Rama tha se nuk \u00ebsht\u00eb nj\u00eb vep\u00ebr arti, por \u00ebsht\u00eb nj\u00eb projekt p\u00ebr energjin\u00eb e rinovueshme diellore q\u00eb \u00ebsht\u00eb planifikuar q\u00eb t\u00eb nis\u00eb nga kryeministra e t\u00eb shtrihet n\u00eb t\u00eb gjitha institucionet.<\/p>\n<p>\u201cNuk ka shpenzuar asnj\u00eb qindar n\u00eb mjediset e K\u00ebshillit t\u00eb Ministrave. Qeveria ka nd\u00ebrmarr\u00eb nj\u00eb program t\u00eb energjis\u00eb s\u00eb rinovushme diellore q\u00eb do shtrihet n\u00eb t\u00eb gjitha institucionet duke nisur nga ministria.<\/p>\n<p>Nuk b\u00ebhet fjal\u00eb p\u00ebr nj\u00eb vet\u00ebm arti por p\u00ebr nj\u00eb projekt energjie t\u00eb rinovueshme. Ka nevoj\u00eb p\u00ebr mjedise t\u00eb reja pune. \u00cbsht\u00eb planifikuar prej koh\u00ebsh, nuk b\u00ebhet p\u00ebr mua por do q\u00ebndroj\u00eb aty. Teoria q\u00eb duhet ndaluar investimet se jemi n\u00eb kriz\u00eb nuk funksionon. Nga investimet rritet ekonomia sepse b\u00ebhet fjal\u00eb p\u00ebr t\u00eb krijuar vende t\u00eb reja pune. I kam d\u00ebgjuar edhe kur ra t\u00ebrmeti, pandemia. Po t\u00eb kishim ndaluar do kishim mbetur. Jan\u00eb t\u00eb gjitha t\u00eb balancuara\u201d tha Rama.<\/p>","protected":false},"excerpt":{"rendered":"<p>Kryeministri Edi Rama u pyet nga gazetar\u00ebt mbr\u00ebmjen e soteme p\u00ebr instalacionin me vler\u00eb 3.7 milion\u00eb euro q\u00eb do t\u00eb vendoset n\u00eb oborrin e Kryeministris\u00eb. Rama tha se nuk \u00ebsht\u00eb nj\u00eb vep\u00ebr arti, por \u00ebsht\u00eb nj\u00eb projekt p\u00ebr energjin\u00eb e rinovueshme diellore q\u00eb \u00ebsht\u00eb planifikuar q\u00eb t\u00eb nis\u00eb nga kryeministra e t\u00eb shtrihet n\u00eb t\u00eb [&hellip;]<\/p>\n","protected":false},"author":2031,"featured_media":208321,"comment_status":"closed","ping_status":"closed","sticky":false,"template":"","format":"standard","meta":{"footnotes":""},"categories":[241,231,235],"tags":[],"class_list":{"0":"post-288455","1":"post","2":"type-post","3":"status-publish","4":"format-standard","5":"has-post-thumbnail","7":"category-aktualitet","8":"category-lajme","9":"category-vendi"},"_links":{"self":[{"href":"https:\/\/zjarr.tv\/en\/wp-json\/wp\/v2\/posts\/288455","targetHints":{"allow":["GET"]}}],"collection":[{"href":"https:\/\/zjarr.tv\/en\/wp-json\/wp\/v2\/posts"}],"about":[{"href":"https:\/\/zjarr.tv\/en\/wp-json\/wp\/v2\/types\/post"}],"author":[{"embeddable":true,"href":"https:\/\/zjarr.tv\/en\/wp-json\/wp\/v2\/users\/2031"}],"replies":[{"embeddable":true,"href":"https:\/\/zjarr.tv\/en\/wp-json\/wp\/v2\/comments?post=288455"}],"version-history":[{"count":0,"href":"https:\/\/zjarr.tv\/en\/wp-json\/wp\/v2\/posts\/288455\/revisions"}],"wp:featuredmedia":[{"embeddable":true,"href":"https:\/\/zjarr.tv\/en\/wp-json\/wp\/v2\/media\/208321"}],"wp:attachment":[{"href":"https:\/\/zjarr.tv\/en\/wp-json\/wp\/v2\/media?parent=288455"}],"wp:term":[{"taxonomy":"category","embeddable":true,"href":"https:\/\/zjarr.tv\/en\/wp-json\/wp\/v2\/categories?post=288455"},{"taxonomy":"post_tag","embeddable":true,"href":"https:\/\/zjarr.tv\/en\/wp-json\/wp\/v2\/tags?post=288455"}],"curies":[{"name":"wp","href":"https:\/\/api.w.org\/{rel}","templated":true}]}}