{"id":288459,"date":"2022-09-27T19:40:50","date_gmt":"2022-09-27T17:40:50","guid":{"rendered":"https:\/\/zjarr.tv\/?p=288459"},"modified":"2022-09-27T19:40:50","modified_gmt":"2022-09-27T17:40:50","slug":"ahmetaj-zhvishet-nga-te-gjitha-postet-ne-ps-rama-zgjedh-drejtuesin-e-ri-politik-te-qarkut-te-vlores","status":"publish","type":"post","link":"https:\/\/zjarr.tv\/en\/ahmetaj-zhvishet-nga-te-gjitha-postet-ne-ps-rama-zgjedh-drejtuesin-e-ri-politik-te-qarkut-te-vlores\/","title":{"rendered":"Ahmetaj \u201czhvishet\u201d nga t\u00eb gjitha postet n\u00eb PS, Rama zgjedh drejtuesin e ri politik t\u00eb qarkut t\u00eb Vlor\u00ebs"},"content":{"rendered":"<p>Ka p\u00ebrfunduar mbledhja e Kryesis\u00eb n\u00eb selin\u00eb roz\u00eb.Drejtues politik p\u00ebr qarkun e Vlor\u00ebs \u00ebsht\u00eb zgjedhur Blendi Klosi, duke z\u00ebvend\u00ebsuar k\u00ebshtu Arben Ahmetajn i cili \u201czhvishet\u201d nga t\u00eb gjitha postet q\u00eb kishte n\u00eb PS.<\/p>\n<p>Nd\u00ebrsa, drejtues politik p\u00ebr qarkun e Shkodr\u00ebs \u00ebsht\u00eb zgjedhur Elisa Spiropali kurse n\u00eb Kuk\u00ebs \u00ebsht\u00eb vendosur Pandeli Majko.<\/p>","protected":false},"excerpt":{"rendered":"<p>Ka p\u00ebrfunduar mbledhja e Kryesis\u00eb n\u00eb selin\u00eb roz\u00eb.Drejtues politik p\u00ebr qarkun e Vlor\u00ebs \u00ebsht\u00eb zgjedhur Blendi Klosi, duke z\u00ebvend\u00ebsuar k\u00ebshtu Arben Ahmetajn i cili \u201czhvishet\u201d nga t\u00eb gjitha postet q\u00eb kishte n\u00eb PS. Nd\u00ebrsa, drejtues politik p\u00ebr qarkun e Shkodr\u00ebs \u00ebsht\u00eb zgjedhur Elisa Spiropali kurse n\u00eb Kuk\u00ebs \u00ebsht\u00eb vendosur Pandeli Majko.<\/p>","protected":false},"author":2031,"featured_media":209279,"comment_status":"closed","ping_status":"closed","sticky":false,"template":"","format":"standard","meta":{"footnotes":""},"categories":[241,231,235],"tags":[],"class_list":{"0":"post-288459","1":"post","2":"type-post","3":"status-publish","4":"format-standard","5":"has-post-thumbnail","7":"category-aktualitet","8":"category-lajme","9":"category-vendi"},"_links":{"self":[{"href":"https:\/\/zjarr.tv\/en\/wp-json\/wp\/v2\/posts\/288459","targetHints":{"allow":["GET"]}}],"collection":[{"href":"https:\/\/zjarr.tv\/en\/wp-json\/wp\/v2\/posts"}],"about":[{"href":"https:\/\/zjarr.tv\/en\/wp-json\/wp\/v2\/types\/post"}],"author":[{"embeddable":true,"href":"https:\/\/zjarr.tv\/en\/wp-json\/wp\/v2\/users\/2031"}],"replies":[{"embeddable":true,"href":"https:\/\/zjarr.tv\/en\/wp-json\/wp\/v2\/comments?post=288459"}],"version-history":[{"count":0,"href":"https:\/\/zjarr.tv\/en\/wp-json\/wp\/v2\/posts\/288459\/revisions"}],"wp:featuredmedia":[{"embeddable":true,"href":"https:\/\/zjarr.tv\/en\/wp-json\/wp\/v2\/media\/209279"}],"wp:attachment":[{"href":"https:\/\/zjarr.tv\/en\/wp-json\/wp\/v2\/media?parent=288459"}],"wp:term":[{"taxonomy":"category","embeddable":true,"href":"https:\/\/zjarr.tv\/en\/wp-json\/wp\/v2\/categories?post=288459"},{"taxonomy":"post_tag","embeddable":true,"href":"https:\/\/zjarr.tv\/en\/wp-json\/wp\/v2\/tags?post=288459"}],"curies":[{"name":"wp","href":"https:\/\/api.w.org\/{rel}","templated":true}]}}