{"id":288465,"date":"2022-09-27T19:48:13","date_gmt":"2022-09-27T17:48:13","guid":{"rendered":"https:\/\/zjarr.tv\/?p=288465"},"modified":"2022-09-27T19:48:13","modified_gmt":"2022-09-27T17:48:13","slug":"mbyllja-e-shkolles-turke-rama-mua-sme-bejne-dot-presion-as-turqit-as-amerikanet","status":"publish","type":"post","link":"https:\/\/zjarr.tv\/en\/mbyllja-e-shkolles-turke-rama-mua-sme-bejne-dot-presion-as-turqit-as-amerikanet\/","title":{"rendered":"Mbyllja e shkoll\u00ebs turke, Rama: Mua s\u2019m\u00eb b\u00ebjn\u00eb dot presion as turqit as amerikan\u00ebt"},"content":{"rendered":"<p>Kryeministri Edi Rama mohoi q\u00eb t\u00eb ket\u00eb pasur presion nga presidenti turk Erdogan p\u00ebr mbylljen e kolegjit turk n\u00eb Tiran\u00eb.<\/p>\n<p>N\u00eb nj\u00eb deklarat\u00eb p\u00ebr mediat pas mbledhjes s\u00eb kryesis\u00eb t\u00eb mart\u00eb Rama tha se shkolla n\u00eb fjal\u00eb ka shkelur ligjin duke u spostuar n\u00eb nj\u00eb ambient tjet\u00ebr pa marr\u00eb asnj\u00eb leje nga Ministria e Arsimit.<\/p>","protected":false},"excerpt":{"rendered":"<p>Kryeministri Edi Rama mohoi q\u00eb t\u00eb ket\u00eb pasur presion nga presidenti turk Erdogan p\u00ebr mbylljen e kolegjit turk n\u00eb Tiran\u00eb. N\u00eb nj\u00eb deklarat\u00eb p\u00ebr mediat pas mbledhjes s\u00eb kryesis\u00eb t\u00eb mart\u00eb Rama tha se shkolla n\u00eb fjal\u00eb ka shkelur ligjin duke u spostuar n\u00eb nj\u00eb ambient tjet\u00ebr pa marr\u00eb asnj\u00eb leje nga Ministria e Arsimit.<\/p>","protected":false},"author":2031,"featured_media":288466,"comment_status":"closed","ping_status":"closed","sticky":false,"template":"","format":"standard","meta":{"footnotes":""},"categories":[241,231,235],"tags":[],"class_list":{"0":"post-288465","1":"post","2":"type-post","3":"status-publish","4":"format-standard","5":"has-post-thumbnail","7":"category-aktualitet","8":"category-lajme","9":"category-vendi"},"_links":{"self":[{"href":"https:\/\/zjarr.tv\/en\/wp-json\/wp\/v2\/posts\/288465","targetHints":{"allow":["GET"]}}],"collection":[{"href":"https:\/\/zjarr.tv\/en\/wp-json\/wp\/v2\/posts"}],"about":[{"href":"https:\/\/zjarr.tv\/en\/wp-json\/wp\/v2\/types\/post"}],"author":[{"embeddable":true,"href":"https:\/\/zjarr.tv\/en\/wp-json\/wp\/v2\/users\/2031"}],"replies":[{"embeddable":true,"href":"https:\/\/zjarr.tv\/en\/wp-json\/wp\/v2\/comments?post=288465"}],"version-history":[{"count":0,"href":"https:\/\/zjarr.tv\/en\/wp-json\/wp\/v2\/posts\/288465\/revisions"}],"wp:featuredmedia":[{"embeddable":true,"href":"https:\/\/zjarr.tv\/en\/wp-json\/wp\/v2\/media\/288466"}],"wp:attachment":[{"href":"https:\/\/zjarr.tv\/en\/wp-json\/wp\/v2\/media?parent=288465"}],"wp:term":[{"taxonomy":"category","embeddable":true,"href":"https:\/\/zjarr.tv\/en\/wp-json\/wp\/v2\/categories?post=288465"},{"taxonomy":"post_tag","embeddable":true,"href":"https:\/\/zjarr.tv\/en\/wp-json\/wp\/v2\/tags?post=288465"}],"curies":[{"name":"wp","href":"https:\/\/api.w.org\/{rel}","templated":true}]}}