{"id":288474,"date":"2022-09-27T20:06:18","date_gmt":"2022-09-27T18:06:18","guid":{"rendered":"https:\/\/zjarr.tv\/?p=288474"},"modified":"2022-09-27T20:06:18","modified_gmt":"2022-09-27T18:06:18","slug":"vlore-70-vjecari-gjendet-i-pajete-ne-rruge-policia-dyshohet-aksidentale","status":"publish","type":"post","link":"https:\/\/zjarr.tv\/en\/vlore-70-vjecari-gjendet-i-pajete-ne-rruge-policia-dyshohet-aksidentale\/","title":{"rendered":"Vlor\u00eb\/ 70-vje\u00e7ari gjendet i pajet\u00eb n\u00eb rrug\u00eb, policia: Dyshohet aksidentale"},"content":{"rendered":"<p>Nj\u00eb 70-vje\u00e7ar \u00ebsht\u00eb gjetur pa shenja jete pasditen e s\u00eb mart\u00ebs n\u00eb an\u00eb t\u00eb rrug\u00ebs n\u00eb Dukat-Fush\u00eb. Sipas informacioneve t\u00eb policis\u00eb, ngjarja dyshohet t\u00eb jet\u00eb aksidentale, nd\u00ebrsa viktima \u00ebsht\u00eb identifikuar me inicialet Q. H.<\/p>\n<p>Grupi hetimor ka shkuar n\u00eb vendngjarje dhe po punon p\u00ebr zbardhjen e rrethanave t\u00eb ngjarjes.<\/p>\n<p>Njoftimi i policis\u00eb:<\/p>\n<p>Rreth or\u00ebs 16:50, n\u00eb Dukat-Fush\u00eb, n\u00eb an\u00eb t\u00eb rrug\u00ebs, \u00ebsht\u00eb gjetur pa shenja jete, shtetasi Q. H., rreth 70 vje\u00e7, banues n\u00eb Dukat. <\/p>\n<p>Paraprakisht dyshohet ngjarje aksidentale.<\/p>\n<p>Grupi hetimor vijon pun\u00ebn p\u00ebr zbardhjen e plot\u00eb t\u00eb shkakut t\u00eb humbjes s\u00eb jet\u00ebs s\u00eb 70-vje\u00e7arit Q. H.<\/p>","protected":false},"excerpt":{"rendered":"<p>Nj\u00eb 70-vje\u00e7ar \u00ebsht\u00eb gjetur pa shenja jete pasditen e s\u00eb mart\u00ebs n\u00eb an\u00eb t\u00eb rrug\u00ebs n\u00eb Dukat-Fush\u00eb. Sipas informacioneve t\u00eb policis\u00eb, ngjarja dyshohet t\u00eb jet\u00eb aksidentale, nd\u00ebrsa viktima \u00ebsht\u00eb identifikuar me inicialet Q. H. Grupi hetimor ka shkuar n\u00eb vendngjarje dhe po punon p\u00ebr zbardhjen e rrethanave t\u00eb ngjarjes. Njoftimi i policis\u00eb: Rreth or\u00ebs 16:50, [&hellip;]<\/p>\n","protected":false},"author":2031,"featured_media":288475,"comment_status":"closed","ping_status":"closed","sticky":false,"template":"","format":"standard","meta":{"footnotes":""},"categories":[241,231,235],"tags":[],"class_list":{"0":"post-288474","1":"post","2":"type-post","3":"status-publish","4":"format-standard","5":"has-post-thumbnail","7":"category-aktualitet","8":"category-lajme","9":"category-vendi"},"_links":{"self":[{"href":"https:\/\/zjarr.tv\/en\/wp-json\/wp\/v2\/posts\/288474","targetHints":{"allow":["GET"]}}],"collection":[{"href":"https:\/\/zjarr.tv\/en\/wp-json\/wp\/v2\/posts"}],"about":[{"href":"https:\/\/zjarr.tv\/en\/wp-json\/wp\/v2\/types\/post"}],"author":[{"embeddable":true,"href":"https:\/\/zjarr.tv\/en\/wp-json\/wp\/v2\/users\/2031"}],"replies":[{"embeddable":true,"href":"https:\/\/zjarr.tv\/en\/wp-json\/wp\/v2\/comments?post=288474"}],"version-history":[{"count":0,"href":"https:\/\/zjarr.tv\/en\/wp-json\/wp\/v2\/posts\/288474\/revisions"}],"wp:featuredmedia":[{"embeddable":true,"href":"https:\/\/zjarr.tv\/en\/wp-json\/wp\/v2\/media\/288475"}],"wp:attachment":[{"href":"https:\/\/zjarr.tv\/en\/wp-json\/wp\/v2\/media?parent=288474"}],"wp:term":[{"taxonomy":"category","embeddable":true,"href":"https:\/\/zjarr.tv\/en\/wp-json\/wp\/v2\/categories?post=288474"},{"taxonomy":"post_tag","embeddable":true,"href":"https:\/\/zjarr.tv\/en\/wp-json\/wp\/v2\/tags?post=288474"}],"curies":[{"name":"wp","href":"https:\/\/api.w.org\/{rel}","templated":true}]}}