{"id":288485,"date":"2022-09-27T20:41:39","date_gmt":"2022-09-27T18:41:39","guid":{"rendered":"https:\/\/zjarr.tv\/?p=288485"},"modified":"2022-09-27T20:41:39","modified_gmt":"2022-09-27T18:41:39","slug":"lajm-i-fundit-aksidentoi-rende-efektivin-e-policise-arrestohet-drejtuesja-e-automjetit","status":"publish","type":"post","link":"https:\/\/zjarr.tv\/en\/lajm-i-fundit-aksidentoi-rende-efektivin-e-policise-arrestohet-drejtuesja-e-automjetit\/","title":{"rendered":"LAJM I FUNDIT\/ Aksidentoi r\u00ebnd\u00eb efektivin e policis\u00eb, arrestohet drejtuesja e automjetit"},"content":{"rendered":"<p>Elbasan<\/p>\n<p>Aksidentoi me pasoja t\u00eb r\u00ebnda p\u00ebr jet\u00ebn punonj\u00ebsin e Policis\u00eb Rrugore, i cili ishte n\u00eb krye t\u00eb detyr\u00ebs, arrestohet n\u00eb flagranc\u00eb drejtuesja e automjetit.<\/p>\n<p>M\u00eb dat\u00eb 27.09.2022, rreth or\u00ebs 19:15, n\u00eb aksin rrugor Elbasan-Tiran\u00eb, n\u00eb fshatin Gracen, automjeti tip \u201cLancia\u201d, me drejtuese shtetasen S. V., 51 vje\u00e7e, banuese n\u00eb Tiran\u00eb, ka p\u00ebrplasur punonj\u00ebsin e Policis\u00eb t\u00eb qarkullimit rrugor t\u00eb DVP Elbasan, shtetasin F. B., 53 vje\u00e7, i cili \u00ebsht\u00eb transportuar n\u00eb spital dhe ndodhet n\u00eb gjendje t\u00eb r\u00ebnd\u00eb p\u00ebr jet\u00ebn.<\/p>\n<p>Punonj\u00ebsi i Policis\u00eb ishte n\u00eb krye t\u00eb detyr\u00ebs, pasi kishte shkuar p\u00ebr t\u00eb trajtuar nj\u00eb aksident t\u00eb ndodhur m\u00eb par\u00eb, daljen e nj\u00eb automjeti nga rruga, n\u00eb k\u00ebt\u00eb aks.<\/p>\n<p>Drejtuesja e automjetit, shtetasja S. V., \u00ebsht\u00eb arrestuar n\u00eb flagranc\u00eb.<\/p>\n<p>Grupi hetimor po punon p\u00ebr zbardhjen e plot\u00eb t\u00eb rrethanave t\u00eb aksidentit.<\/p>","protected":false},"excerpt":{"rendered":"<p>Elbasan Aksidentoi me pasoja t\u00eb r\u00ebnda p\u00ebr jet\u00ebn punonj\u00ebsin e Policis\u00eb Rrugore, i cili ishte n\u00eb krye t\u00eb detyr\u00ebs, arrestohet n\u00eb flagranc\u00eb drejtuesja e automjetit. M\u00eb dat\u00eb 27.09.2022, rreth or\u00ebs 19:15, n\u00eb aksin rrugor Elbasan-Tiran\u00eb, n\u00eb fshatin Gracen, automjeti tip \u201cLancia\u201d, me drejtuese shtetasen S. V., 51 vje\u00e7e, banuese n\u00eb Tiran\u00eb, ka p\u00ebrplasur punonj\u00ebsin e [&hellip;]<\/p>\n","protected":false},"author":2031,"featured_media":288486,"comment_status":"closed","ping_status":"closed","sticky":false,"template":"","format":"standard","meta":{"footnotes":""},"categories":[241],"tags":[],"class_list":{"0":"post-288485","1":"post","2":"type-post","3":"status-publish","4":"format-standard","5":"has-post-thumbnail","7":"category-aktualitet"},"_links":{"self":[{"href":"https:\/\/zjarr.tv\/en\/wp-json\/wp\/v2\/posts\/288485","targetHints":{"allow":["GET"]}}],"collection":[{"href":"https:\/\/zjarr.tv\/en\/wp-json\/wp\/v2\/posts"}],"about":[{"href":"https:\/\/zjarr.tv\/en\/wp-json\/wp\/v2\/types\/post"}],"author":[{"embeddable":true,"href":"https:\/\/zjarr.tv\/en\/wp-json\/wp\/v2\/users\/2031"}],"replies":[{"embeddable":true,"href":"https:\/\/zjarr.tv\/en\/wp-json\/wp\/v2\/comments?post=288485"}],"version-history":[{"count":0,"href":"https:\/\/zjarr.tv\/en\/wp-json\/wp\/v2\/posts\/288485\/revisions"}],"wp:featuredmedia":[{"embeddable":true,"href":"https:\/\/zjarr.tv\/en\/wp-json\/wp\/v2\/media\/288486"}],"wp:attachment":[{"href":"https:\/\/zjarr.tv\/en\/wp-json\/wp\/v2\/media?parent=288485"}],"wp:term":[{"taxonomy":"category","embeddable":true,"href":"https:\/\/zjarr.tv\/en\/wp-json\/wp\/v2\/categories?post=288485"},{"taxonomy":"post_tag","embeddable":true,"href":"https:\/\/zjarr.tv\/en\/wp-json\/wp\/v2\/tags?post=288485"}],"curies":[{"name":"wp","href":"https:\/\/api.w.org\/{rel}","templated":true}]}}