{"id":288496,"date":"2022-09-27T20:50:24","date_gmt":"2022-09-27T18:50:24","guid":{"rendered":"https:\/\/zjarr.tv\/?p=288496"},"modified":"2022-09-27T20:50:24","modified_gmt":"2022-09-27T18:50:24","slug":"100-vjetori-i-marredhenieve-shba-shqiperi-yuri-kim-gjate-31-viteve-shqiptaret-e-kane-nxjerre-vendin-nga-hijet-e-diktatures","status":"publish","type":"post","link":"https:\/\/zjarr.tv\/en\/100-vjetori-i-marredhenieve-shba-shqiperi-yuri-kim-gjate-31-viteve-shqiptaret-e-kane-nxjerre-vendin-nga-hijet-e-diktatures\/","title":{"rendered":"100 vjetori i marr\u00ebdh\u00ebnieve SHBA-Shqip\u00ebri\/ Yuri Kim: Gjat\u00eb 31 viteve shqiptar\u00ebt e kan\u00eb nxjerr\u00eb vendin nga hijet e diktatur\u00ebs"},"content":{"rendered":"<p>Ambasada amerikane n\u00eb Tiran\u00eb zhvilloi dit\u00ebn e sotme nj\u00eb konferenc\u00eb n\u00eb lidhje me 100-vjetorin e vendosjes s\u00eb marr\u00ebdh\u00ebnieve zyrtare midis Shteteve t\u00eb Bashkuara dhe Shqip\u00ebris\u00eb.<\/p>\n<p>N\u00eb fjal\u00ebn e saj, ambasadorja Yuri Kim deklaroi se gjat\u00eb 31 viteve t\u00eb fundit shqiptar\u00ebt e kan\u00eb nxjerr\u00eb vendin e tyre nga hijet e err\u00ebta t\u00eb diktatur\u00ebs dhe komunizmit p\u00ebr t\u00eb nd\u00ebrtuar nj\u00eb vend m\u00eb t\u00eb lir\u00eb, e demokratik.<\/p>\n<p>Postimi i plot\u00eb i ambasad\u00ebs s\u00eb SHBA:<\/p>\n<p>Ambasadorja e Shteteve t\u00eb Bashkuara Yuri Kim foli sot n\u00eb konferenc\u00ebn \u201cMarr\u00ebdh\u00ebniet shqiptaro-amerikane: e kaluara, e tashmja dhe e ardhmja\u201d, mbajtur n\u00eb nder t\u00eb 100-vjetorit t\u00eb vendosjes s\u00eb marr\u00ebdh\u00ebnieve zyrtare midis Shteteve t\u00eb Bashkuara dhe Shqip\u00ebris\u00eb. Konferenca, e organizuar nga Instituti Shqiptar p\u00ebr Studime Nd\u00ebrkomb\u00ebtare dhe e mb\u00ebshtetur nga Ambasada e SHBA-s\u00eb n\u00eb Tiran\u00eb, mblodhi s\u00eb bashku diplomat\u00eb, historian\u00eb, studiues dhe ekspert\u00eb nga fusha t\u00eb ndryshme, shqiptar\u00eb dhe amerikan\u00eb, t\u00eb cil\u00ebt diskutuan momente historike t\u00eb marr\u00ebdh\u00ebnieve midis vendeve tona.<\/p>\n<p>Duke iu drejtuar konferenc\u00ebs krahas Kryetares s\u00eb Kuvendit Lindita Nikolla, Ambasadorja e Shteteve t\u00eb Bashkuara Yuri Kim tha se \u201cgjat\u00eb 31 viteve t\u00eb fundit, shqiptar\u00ebt e kan\u00eb nxjerr\u00eb vendin e tyre nga hijet e err\u00ebta t\u00eb diktatur\u00ebs dhe komunizmit p\u00ebr t\u00eb nd\u00ebrtuar nj\u00eb vend me t\u00eb v\u00ebrtet\u00eb t\u00eb lir\u00eb, me t\u00eb v\u00ebrtet\u00eb demokratik dhe gjithnj\u00eb e m\u00eb t\u00eb begat\u00eb. <\/p>\n<p>Shtetet e Bashkuara kan\u00eb qen\u00eb krenare q\u00eb kan\u00eb q\u00ebn\u00eb pran\u00eb jush p\u00ebr t\u00eb ndihmuar sa mundemi, krah p\u00ebr krah, nd\u00ebrsa ju ecni n\u00eb rrug\u00ebtimin tuaj\u2026 Ne jemi jasht\u00ebzakonisht krenar\u00eb dhe duam t\u00eb vazhdojm\u00eb t\u2019ju ndihmojm\u00eb n\u00eb k\u00ebto momente ky\u00e7e, q\u00eb t\u00eb vazhdoni t\u00eb ecni p\u00ebrpara.<\/p>\n<p>Kjo \u00ebsht\u00eb arsyeja p\u00ebrse ne e v\u00ebm\u00eb kaq shum\u00eb theksin n\u00eb mb\u00ebshtetjen ton\u00eb p\u00ebr p\u00ebrpjekjen e Shqip\u00ebris\u00eb p\u00ebr t\u00eb reformuar sistemin e saj gjyq\u00ebsor dhe p\u00ebr t\u00eb \u00e7liruar k\u00ebt\u00eb shoq\u00ebri, k\u00ebt\u00eb vend, nga korrupsioni\u201d. Ambasadori i Shteteve t\u00eb Bashkuara Christopher Hill, ish-Z\u00ebvend\u00ebs Ambasador, iu drejtua konferenc\u00ebs p\u00ebrmes nj\u00eb video-mesazhi dhe ndau kujtimet e tij p\u00ebr mb\u00ebrritjen dhe pun\u00ebn e tij n\u00eb Tiran\u00eb pas rivendosjes s\u00eb marr\u00ebdh\u00ebnieve diplomatike n\u00eb vitin 1991.<\/p>","protected":false},"excerpt":{"rendered":"<p>Ambasada amerikane n\u00eb Tiran\u00eb zhvilloi dit\u00ebn e sotme nj\u00eb konferenc\u00eb n\u00eb lidhje me 100-vjetorin e vendosjes s\u00eb marr\u00ebdh\u00ebnieve zyrtare midis Shteteve t\u00eb Bashkuara dhe Shqip\u00ebris\u00eb. N\u00eb fjal\u00ebn e saj, ambasadorja Yuri Kim deklaroi se gjat\u00eb 31 viteve t\u00eb fundit shqiptar\u00ebt e kan\u00eb nxjerr\u00eb vendin e tyre nga hijet e err\u00ebta t\u00eb diktatur\u00ebs dhe komunizmit p\u00ebr [&hellip;]<\/p>\n","protected":false},"author":2031,"featured_media":238432,"comment_status":"closed","ping_status":"closed","sticky":false,"template":"","format":"standard","meta":{"footnotes":""},"categories":[241,231,235],"tags":[],"class_list":{"0":"post-288496","1":"post","2":"type-post","3":"status-publish","4":"format-standard","5":"has-post-thumbnail","7":"category-aktualitet","8":"category-lajme","9":"category-vendi"},"_links":{"self":[{"href":"https:\/\/zjarr.tv\/en\/wp-json\/wp\/v2\/posts\/288496","targetHints":{"allow":["GET"]}}],"collection":[{"href":"https:\/\/zjarr.tv\/en\/wp-json\/wp\/v2\/posts"}],"about":[{"href":"https:\/\/zjarr.tv\/en\/wp-json\/wp\/v2\/types\/post"}],"author":[{"embeddable":true,"href":"https:\/\/zjarr.tv\/en\/wp-json\/wp\/v2\/users\/2031"}],"replies":[{"embeddable":true,"href":"https:\/\/zjarr.tv\/en\/wp-json\/wp\/v2\/comments?post=288496"}],"version-history":[{"count":0,"href":"https:\/\/zjarr.tv\/en\/wp-json\/wp\/v2\/posts\/288496\/revisions"}],"wp:featuredmedia":[{"embeddable":true,"href":"https:\/\/zjarr.tv\/en\/wp-json\/wp\/v2\/media\/238432"}],"wp:attachment":[{"href":"https:\/\/zjarr.tv\/en\/wp-json\/wp\/v2\/media?parent=288496"}],"wp:term":[{"taxonomy":"category","embeddable":true,"href":"https:\/\/zjarr.tv\/en\/wp-json\/wp\/v2\/categories?post=288496"},{"taxonomy":"post_tag","embeddable":true,"href":"https:\/\/zjarr.tv\/en\/wp-json\/wp\/v2\/tags?post=288496"}],"curies":[{"name":"wp","href":"https:\/\/api.w.org\/{rel}","templated":true}]}}