{"id":288499,"date":"2022-09-27T20:56:11","date_gmt":"2022-09-27T18:56:11","guid":{"rendered":"https:\/\/zjarr.tv\/?p=288499"},"modified":"2022-09-27T20:56:11","modified_gmt":"2022-09-27T18:56:11","slug":"vendosja-e-fashes-per-energjine-elektrike-bejtja-nese-keni-konsumuar-me-shume-e-ndjeni-te-fatura-e-nentorit","status":"publish","type":"post","link":"https:\/\/zjarr.tv\/en\/vendosja-e-fashes-per-energjine-elektrike-bejtja-nese-keni-konsumuar-me-shume-e-ndjeni-te-fatura-e-nentorit\/","title":{"rendered":"Vendosja e fash\u00ebs p\u00ebr energjin\u00eb elektrike, Bejtja: N\u00ebse keni konsumuar m\u00eb shum\u00eb, e ndjeni te fatura e n\u00ebntorit"},"content":{"rendered":"<p>Fatura me tarif\u00ebn e re t\u00eb energjis\u00eb pas vendosjes s\u00eb fash\u00ebs 800 kwh n\u00eb muaj do t\u2019u vij\u00eb shqiptar\u00ebve n\u00eb n\u00ebntor. I ftuar n\u00eb \u201cRadari Informativ\u201d n\u00eb ABC, zv\/ministri i Infrastruktur\u00ebs dhe Energjis\u00eb, Ilir Bejtja shpjegoi sesi do t\u00eb nis\u00eb matja me tarif\u00ebn e re p\u00ebr qytetar\u00ebt shqiptar\u00eb.<\/p>\n<p>Nd\u00ebrsa shpjegoi se leximi i mat\u00ebsve b\u00ebhet pas 10-dit\u00ebshit t\u00eb par\u00eb t\u00eb muajit, Bejtja shtoi se rrjedhimisht i bie q\u00eb konsumimi me formul\u00ebn e re t\u00eb nis\u00eb pas 11 tetorit.<\/p>\n<p>\u201cDit\u00ebt e para i takojn\u00eb muajit pararend\u00ebs. 11 tetor-11 n\u00ebntor do t\u00eb llogariten me tarif\u00ebn e re. Q\u00eb t\u00eb mos keni mbifaturim, dit\u00ebn q\u00eb do ta lexoj\u00eb faturisti mund t\u2019i b\u00ebni nj\u00eb foto dhe t\u00eb shihni shifr\u00ebn. N\u00eb fatur\u00ebn e n\u00ebntorit do t\u00eb ndjejm\u00eb ndryshimin n\u00ebse kemi konsumuar m\u00eb tep\u00ebr.\u201d<\/p>\n<p>Po ashtu, zv\/ministri i Infrastruktur\u00ebs dhe Energjis\u00eb b\u00ebri t\u00eb ditur se aktualisht energji prodhohet vet\u00ebm n\u00eb Koman dhe Vaun e Dej\u00ebs dhe se nevojat e vendit nuk plot\u00ebsohen ende. Edhe pse ka pasur reshje k\u00ebt\u00eb fillim vjeshte, sipas tij, ato nuk kan\u00eb qen\u00eb t\u00eb mjaftueshme.<\/p>\n<p>\u201cReshjet jan\u00eb shum\u00eb sporadike. Sot nuk jan\u00eb intensive, nes\u00ebr s\u2019ka. S\u2019kemi pasur nj\u00eb stin\u00eb t\u00eb lag\u00ebsht q\u00eb t\u00eb furnizoj\u00eb lumin Drin.\u201d  \/abcnews.al\/<\/p>","protected":false},"excerpt":{"rendered":"<p>Fatura me tarif\u00ebn e re t\u00eb energjis\u00eb pas vendosjes s\u00eb fash\u00ebs 800 kwh n\u00eb muaj do t\u2019u vij\u00eb shqiptar\u00ebve n\u00eb n\u00ebntor. I ftuar n\u00eb \u201cRadari Informativ\u201d n\u00eb ABC, zv\/ministri i Infrastruktur\u00ebs dhe Energjis\u00eb, Ilir Bejtja shpjegoi sesi do t\u00eb nis\u00eb matja me tarif\u00ebn e re p\u00ebr qytetar\u00ebt shqiptar\u00eb. Nd\u00ebrsa shpjegoi se leximi i mat\u00ebsve b\u00ebhet [&hellip;]<\/p>\n","protected":false},"author":2031,"featured_media":288493,"comment_status":"closed","ping_status":"closed","sticky":false,"template":"","format":"standard","meta":{"footnotes":""},"categories":[241,231,235],"tags":[],"class_list":{"0":"post-288499","1":"post","2":"type-post","3":"status-publish","4":"format-standard","5":"has-post-thumbnail","7":"category-aktualitet","8":"category-lajme","9":"category-vendi"},"_links":{"self":[{"href":"https:\/\/zjarr.tv\/en\/wp-json\/wp\/v2\/posts\/288499","targetHints":{"allow":["GET"]}}],"collection":[{"href":"https:\/\/zjarr.tv\/en\/wp-json\/wp\/v2\/posts"}],"about":[{"href":"https:\/\/zjarr.tv\/en\/wp-json\/wp\/v2\/types\/post"}],"author":[{"embeddable":true,"href":"https:\/\/zjarr.tv\/en\/wp-json\/wp\/v2\/users\/2031"}],"replies":[{"embeddable":true,"href":"https:\/\/zjarr.tv\/en\/wp-json\/wp\/v2\/comments?post=288499"}],"version-history":[{"count":0,"href":"https:\/\/zjarr.tv\/en\/wp-json\/wp\/v2\/posts\/288499\/revisions"}],"wp:featuredmedia":[{"embeddable":true,"href":"https:\/\/zjarr.tv\/en\/wp-json\/wp\/v2\/media\/288493"}],"wp:attachment":[{"href":"https:\/\/zjarr.tv\/en\/wp-json\/wp\/v2\/media?parent=288499"}],"wp:term":[{"taxonomy":"category","embeddable":true,"href":"https:\/\/zjarr.tv\/en\/wp-json\/wp\/v2\/categories?post=288499"},{"taxonomy":"post_tag","embeddable":true,"href":"https:\/\/zjarr.tv\/en\/wp-json\/wp\/v2\/tags?post=288499"}],"curies":[{"name":"wp","href":"https:\/\/api.w.org\/{rel}","templated":true}]}}