{"id":288512,"date":"2022-09-27T21:16:29","date_gmt":"2022-09-27T19:16:29","guid":{"rendered":"https:\/\/zjarr.tv\/?p=288512"},"modified":"2022-09-27T21:16:29","modified_gmt":"2022-09-27T19:16:29","slug":"rritja-e-cmimit-te-energjise-manjani-shteti-po-i-vjedh-shqiptareve-cdo-sekonde-400-leke-per-kilovat","status":"publish","type":"post","link":"https:\/\/zjarr.tv\/en\/rritja-e-cmimit-te-energjise-manjani-shteti-po-i-vjedh-shqiptareve-cdo-sekonde-400-leke-per-kilovat\/","title":{"rendered":"Rritja e \u00e7mimit t\u00eb energjis\u00eb, Manjani: Shteti po i vjedh shqiptar\u00ebve \u00e7do sekond\u00eb, 400 lek\u00eb p\u00ebr kilovat"},"content":{"rendered":"<p>Ylli Manjani ka qen\u00eb i ashp\u00ebr mbr\u00ebmjen e sotme n\u00eb \u2018A Show\u2019 me Adi Krast\u00ebn n\u00eb SYRI TV.<\/p>\n<p>Duke diskutuar p\u00ebr \u00e7mimin e ri t\u00eb energjis\u00eb elektrike, q\u00eb ka vendosur Edi Rama prej 43 lek\u00ebsh kilovat\u00eb or\u00eb, Ylli Manjani \u00ebsht\u00eb shprehur se \u00e7do shqiptari, shteti i drejtuar nga Rama po i vjedh 400 lek\u00eb t\u00eb vjetra p\u00ebr kilovat n\u00eb \u00e7do sekond\u00eb t\u00eb dit\u00eb-nat\u00ebs.<\/p>\n<p>\u2018Edi Rama refuzon t\u00eb jap\u00eb llogari. P\u00ebrkundrazi, \u00ebsht\u00eb kryeministri q\u00eb i k\u00ebrkon llogari popullit t\u00eb vet. Ju p\u00ebrmend\u00ebt \u00e7mimin e energjis\u00eb. Qart\u00ebsisht, kristal t\u00eb qart\u00eb, \u00e7mimi i energjis\u00eb vendoset n\u00eb m\u00ebnyr\u00eb abuzive, t\u00eb nj\u00ebanshme, jasht\u00eb korniz\u00ebs institucionale dhe askush nuk e kupton pse. Dhe \u00e7far\u00eb \u00ebsht\u00eb m\u00eb e r\u00ebnd\u00ebsishmja \u00ebsht\u00eb kjo; a ke d\u00ebgjuar ndonj\u00ebher\u00eb nga dikush, nga shteti t\u00eb jap\u00eb informacion sa \u00ebsht\u00eb energjia elektrike e prodhuar n\u00eb vend dhe sa i plot\u00ebson nevojat energjia q\u00eb prodhohet nga HEC-et publike, private n\u00eb vend, q\u00eb jan\u00eb nd\u00ebrtuar n\u00eb kaskadat e lumenjve.<\/p>\n<p>Sa p\u00ebrqind e k\u00ebsaj energjie p\u00ebrdoret n\u00eb konsumin e p\u00ebrditsh\u00ebm shqiptar. Disa gazetar\u00eb thon\u00eb se \u00ebsht\u00eb 80%, dikush 100%. Ta marrim 80%, pra 80% e energjis\u00eb q\u00eb vjen n\u00eb \u00e7el\u00ebsat tan\u00eb prodhohet nga HEC-et ton\u00eb, nga pasuria jon\u00eb, nuk \u00ebsht\u00eb e Edi Ram\u00ebs, nuk \u00ebsht\u00eb e shtetit, por \u00ebsht\u00eb e jona.<\/p>\n<p>Kjo energjia q\u00eb prodhohet nga pasuria jon\u00eb, kushton 2.3 lek\u00eb kilovati, k\u00ebt\u00eb energji qeveria do t\u00eb na e shes\u00eb 42 lek\u00eb, pra 40 lek\u00eb n\u00eb 1 kilovat qeveria i fut n\u00eb xhep, se ku i \u00e7on \u00ebsht\u00eb tjet\u00ebr pun\u00eb, por i fut n\u00eb xhep.<\/p>\n<p>Qeveria e ka p\u00ebr detyr\u00eb t\u00eb na thot\u00eb se pse, nj\u00eb energji q\u00eb prodhohet me 2.3 lek\u00eb qeveria ma shet me 43 lek\u00eb, pa TVSH, sepse me TVSH shkon 500 lek\u00eb kilovati.<\/p>\n<p>Te energjia e ke n\u00eb kurriz, duhet t\u00eb mendosh se n\u00eb \u00e7do sekond\u00eb t\u00eb dit\u00eb nat\u00ebs, shteti po t\u00eb vjedh 40 lek\u00eb p\u00ebr kilovat minimumi, po ti vjedh po i fut n\u00eb xhep me lek\u00ebt tuaja\u2019, u shpreh Ylli Manjani n\u00eb \u2018A Show\u2019 n\u00eb SYRI TV.<\/p>","protected":false},"excerpt":{"rendered":"<p>Ylli Manjani ka qen\u00eb i ashp\u00ebr mbr\u00ebmjen e sotme n\u00eb \u2018A Show\u2019 me Adi Krast\u00ebn n\u00eb SYRI TV. Duke diskutuar p\u00ebr \u00e7mimin e ri t\u00eb energjis\u00eb elektrike, q\u00eb ka vendosur Edi Rama prej 43 lek\u00ebsh kilovat\u00eb or\u00eb, Ylli Manjani \u00ebsht\u00eb shprehur se \u00e7do shqiptari, shteti i drejtuar nga Rama po i vjedh 400 lek\u00eb t\u00eb [&hellip;]<\/p>\n","protected":false},"author":2031,"featured_media":214013,"comment_status":"closed","ping_status":"closed","sticky":false,"template":"","format":"standard","meta":{"footnotes":""},"categories":[241,231],"tags":[],"class_list":{"0":"post-288512","1":"post","2":"type-post","3":"status-publish","4":"format-standard","5":"has-post-thumbnail","7":"category-aktualitet","8":"category-lajme"},"_links":{"self":[{"href":"https:\/\/zjarr.tv\/en\/wp-json\/wp\/v2\/posts\/288512","targetHints":{"allow":["GET"]}}],"collection":[{"href":"https:\/\/zjarr.tv\/en\/wp-json\/wp\/v2\/posts"}],"about":[{"href":"https:\/\/zjarr.tv\/en\/wp-json\/wp\/v2\/types\/post"}],"author":[{"embeddable":true,"href":"https:\/\/zjarr.tv\/en\/wp-json\/wp\/v2\/users\/2031"}],"replies":[{"embeddable":true,"href":"https:\/\/zjarr.tv\/en\/wp-json\/wp\/v2\/comments?post=288512"}],"version-history":[{"count":0,"href":"https:\/\/zjarr.tv\/en\/wp-json\/wp\/v2\/posts\/288512\/revisions"}],"wp:featuredmedia":[{"embeddable":true,"href":"https:\/\/zjarr.tv\/en\/wp-json\/wp\/v2\/media\/214013"}],"wp:attachment":[{"href":"https:\/\/zjarr.tv\/en\/wp-json\/wp\/v2\/media?parent=288512"}],"wp:term":[{"taxonomy":"category","embeddable":true,"href":"https:\/\/zjarr.tv\/en\/wp-json\/wp\/v2\/categories?post=288512"},{"taxonomy":"post_tag","embeddable":true,"href":"https:\/\/zjarr.tv\/en\/wp-json\/wp\/v2\/tags?post=288512"}],"curies":[{"name":"wp","href":"https:\/\/api.w.org\/{rel}","templated":true}]}}