{"id":288520,"date":"2022-09-27T21:24:24","date_gmt":"2022-09-27T19:24:24","guid":{"rendered":"https:\/\/zjarr.tv\/?p=288520"},"modified":"2022-09-27T21:24:24","modified_gmt":"2022-09-27T19:24:24","slug":"belind-kellici-e-ben-fakt-opozita-shkon-me-nje-kandidat-ne-zgjedhjet-vendore-do-kemi-marreveshje-pd-pl","status":"publish","type":"post","link":"https:\/\/zjarr.tv\/en\/belind-kellici-e-ben-fakt-opozita-shkon-me-nje-kandidat-ne-zgjedhjet-vendore-do-kemi-marreveshje-pd-pl\/","title":{"rendered":"Belind K\u00eblli\u00e7i e b\u00ebn fakt: Opozita shkon me nj\u00eb kandidat n\u00eb zgjedhjet vendore! Do kemi marr\u00ebveshje PD-PL"},"content":{"rendered":"<p>An\u00ebtari i Kryesis\u00eb dhe deputeti i PD, Belind K\u00eblli\u00e7i ka treguar mbr\u00ebmjen e k\u00ebsaj t\u00eb marte se Partia Demokratike dhe Partia e Liris\u00eb, shpejt do t\u00eb ken\u00eb nj\u00eb marr\u00ebveshje p\u00ebr t\u00eb garuar me nj\u00eb kandidat t\u00eb p\u00ebrbashk\u00ebt n\u00eb zgjedhjet vendore.<\/p>\n<p>Ka qen\u00eb Ilir Meta q\u00eb i ka k\u00ebrkuar sot Sali Berish\u00ebs q\u00eb t\u00eb dy partit\u00eb m\u00eb t\u00eb m\u00ebdha opozitare t\u00eb garojn\u00eb me kandidat t\u00eb p\u00ebrbashk\u00ebt. Pavar\u00ebsisht se nga PD dhe Berisha vet\u00eb nuk pati nj\u00eb reagim t\u00eb menj\u00ebhersh\u00ebm, Belind K\u00eblli\u00e7i ka folur me bindje.<\/p>\n<p>Sipas tij, PD do t\u00eb mbaj\u00eb primare p\u00ebr kandidat\u00ebt e zgjedhjeve vendore t\u00eb 2023, nd\u00ebrkoh\u00eb q\u00eb do t\u00eb ndahen dhe zona t\u00eb caktuara politike.<\/p>\n<p>\u201cDo t\u00eb kemi marr\u00ebveshje koalicioni PD-PL, por edhe partit\u00eb e tjera q\u00eb duan t\u00eb hyjn\u00eb. Do t\u00eb ndahen edhe zonat e caktuara p\u00ebr t\u00eb cilat do t\u00eb diskutohet edhe pesha politike e partive respektive, do t\u00eb diskutohet edhe m\u00ebnyra e procedimit, por kandidat\u00ebt do t\u00eb dalin nga primaret dhe opozita do t\u00eb shkoj\u00eb me nj\u00eb kandidatur\u00eb.<\/p>\n<p>Do t\u00eb votojn\u00eb an\u00ebtar\u00ebt e PD, por edhe simpatizant\u00ebt q\u00eb nuk jan\u00eb t\u00eb an\u00ebtar\u00ebsuar n\u00eb PD. Koha do t\u00eb jet\u00eb aty, procesi do t\u00eb jet\u00eb transparent dhe mund\u00ebsia p\u00ebr t\u00eb b\u00ebr\u00eb fushat\u00eb do t\u00eb jet\u00eb si asnj\u00ebher\u00eb m\u00eb par\u00eb.<\/p>\n<p>Sot 99% t\u00eb pushtetit lokal, fal\u00eb zotit vet\u00ebm Shkodra q\u00ebndron k\u00ebshtjella e fundit e PD, e kontrollon qeveria dhe Edi Rama. K\u00ebto zgjedhje lokale jan\u00eb jetike p\u00ebr PD, p\u00ebr Shqip\u00ebrin\u00eb dhe demokracin\u00eb funksionale n\u00eb vend\u201d, u shpreh Belind K\u00eblli\u00e7i n\u00eb Syri Tv.<\/p>","protected":false},"excerpt":{"rendered":"<p>An\u00ebtari i Kryesis\u00eb dhe deputeti i PD, Belind K\u00eblli\u00e7i ka treguar mbr\u00ebmjen e k\u00ebsaj t\u00eb marte se Partia Demokratike dhe Partia e Liris\u00eb, shpejt do t\u00eb ken\u00eb nj\u00eb marr\u00ebveshje p\u00ebr t\u00eb garuar me nj\u00eb kandidat t\u00eb p\u00ebrbashk\u00ebt n\u00eb zgjedhjet vendore. Ka qen\u00eb Ilir Meta q\u00eb i ka k\u00ebrkuar sot Sali Berish\u00ebs q\u00eb t\u00eb dy partit\u00eb [&hellip;]<\/p>\n","protected":false},"author":2031,"featured_media":280612,"comment_status":"closed","ping_status":"closed","sticky":false,"template":"","format":"standard","meta":{"footnotes":""},"categories":[241,231,235],"tags":[],"class_list":{"0":"post-288520","1":"post","2":"type-post","3":"status-publish","4":"format-standard","5":"has-post-thumbnail","7":"category-aktualitet","8":"category-lajme","9":"category-vendi"},"_links":{"self":[{"href":"https:\/\/zjarr.tv\/en\/wp-json\/wp\/v2\/posts\/288520","targetHints":{"allow":["GET"]}}],"collection":[{"href":"https:\/\/zjarr.tv\/en\/wp-json\/wp\/v2\/posts"}],"about":[{"href":"https:\/\/zjarr.tv\/en\/wp-json\/wp\/v2\/types\/post"}],"author":[{"embeddable":true,"href":"https:\/\/zjarr.tv\/en\/wp-json\/wp\/v2\/users\/2031"}],"replies":[{"embeddable":true,"href":"https:\/\/zjarr.tv\/en\/wp-json\/wp\/v2\/comments?post=288520"}],"version-history":[{"count":0,"href":"https:\/\/zjarr.tv\/en\/wp-json\/wp\/v2\/posts\/288520\/revisions"}],"wp:featuredmedia":[{"embeddable":true,"href":"https:\/\/zjarr.tv\/en\/wp-json\/wp\/v2\/media\/280612"}],"wp:attachment":[{"href":"https:\/\/zjarr.tv\/en\/wp-json\/wp\/v2\/media?parent=288520"}],"wp:term":[{"taxonomy":"category","embeddable":true,"href":"https:\/\/zjarr.tv\/en\/wp-json\/wp\/v2\/categories?post=288520"},{"taxonomy":"post_tag","embeddable":true,"href":"https:\/\/zjarr.tv\/en\/wp-json\/wp\/v2\/tags?post=288520"}],"curies":[{"name":"wp","href":"https:\/\/api.w.org\/{rel}","templated":true}]}}