{"id":288523,"date":"2022-09-27T21:25:46","date_gmt":"2022-09-27T19:25:46","guid":{"rendered":"https:\/\/zjarr.tv\/?p=288523"},"modified":"2022-09-27T21:25:46","modified_gmt":"2022-09-27T19:25:46","slug":"e-fundit-te-shtena-ne-vaun-e-dejes-nje-i-plagosur","status":"publish","type":"post","link":"https:\/\/zjarr.tv\/en\/e-fundit-te-shtena-ne-vaun-e-dejes-nje-i-plagosur\/","title":{"rendered":"E FUNDIT\/ T\u00eb sht\u00ebna n\u00eb Vaun e Dej\u00ebs, nj\u00eb i plagosur"},"content":{"rendered":"<p>Plagosje ne Vaun e Dejes. Nje person i plagosur me arme zjarri eshte derguar ne Spitalin e Shkodres.<\/p>\n<p>Policia po kryen veprimet per te gjetur vendin dhe rrethanat e kesaj plagosje. Nga sa mesohet behet fjale per shtetasin Pjeter Kola nga Lezha rreth dy vjet. I cili ndodhet ne sallen e operacionit.<\/p>","protected":false},"excerpt":{"rendered":"<p>Plagosje ne Vaun e Dejes. Nje person i plagosur me arme zjarri eshte derguar ne Spitalin e Shkodres. Policia po kryen veprimet per te gjetur vendin dhe rrethanat e kesaj plagosje. Nga sa mesohet behet fjale per shtetasin Pjeter Kola nga Lezha rreth dy vjet. I cili ndodhet ne sallen e operacionit.<\/p>","protected":false},"author":2031,"featured_media":148453,"comment_status":"closed","ping_status":"closed","sticky":false,"template":"","format":"standard","meta":{"footnotes":""},"categories":[241,231,235],"tags":[],"class_list":{"0":"post-288523","1":"post","2":"type-post","3":"status-publish","4":"format-standard","5":"has-post-thumbnail","7":"category-aktualitet","8":"category-lajme","9":"category-vendi"},"_links":{"self":[{"href":"https:\/\/zjarr.tv\/en\/wp-json\/wp\/v2\/posts\/288523","targetHints":{"allow":["GET"]}}],"collection":[{"href":"https:\/\/zjarr.tv\/en\/wp-json\/wp\/v2\/posts"}],"about":[{"href":"https:\/\/zjarr.tv\/en\/wp-json\/wp\/v2\/types\/post"}],"author":[{"embeddable":true,"href":"https:\/\/zjarr.tv\/en\/wp-json\/wp\/v2\/users\/2031"}],"replies":[{"embeddable":true,"href":"https:\/\/zjarr.tv\/en\/wp-json\/wp\/v2\/comments?post=288523"}],"version-history":[{"count":0,"href":"https:\/\/zjarr.tv\/en\/wp-json\/wp\/v2\/posts\/288523\/revisions"}],"wp:featuredmedia":[{"embeddable":true,"href":"https:\/\/zjarr.tv\/en\/wp-json\/wp\/v2\/media\/148453"}],"wp:attachment":[{"href":"https:\/\/zjarr.tv\/en\/wp-json\/wp\/v2\/media?parent=288523"}],"wp:term":[{"taxonomy":"category","embeddable":true,"href":"https:\/\/zjarr.tv\/en\/wp-json\/wp\/v2\/categories?post=288523"},{"taxonomy":"post_tag","embeddable":true,"href":"https:\/\/zjarr.tv\/en\/wp-json\/wp\/v2\/tags?post=288523"}],"curies":[{"name":"wp","href":"https:\/\/api.w.org\/{rel}","templated":true}]}}